{"id":1884,"date":"2024-10-11T13:20:48","date_gmt":"2024-10-11T11:20:48","guid":{"rendered":"https:\/\/periodicolarepublica.com\/?p=1884"},"modified":"2024-10-11T13:20:48","modified_gmt":"2024-10-11T11:20:48","slug":"acercate-a-mi-la-nueva-propuesta-musical-de-robert-guzman-la-voz","status":"publish","type":"post","link":"https:\/\/periodicolarepublica.com\/index.php\/2024\/10\/11\/acercate-a-mi-la-nueva-propuesta-musical-de-robert-guzman-la-voz\/","title":{"rendered":"Ac\u00e9rcate a mi\u00bb la nueva propuesta musical de Robert Guzm\u00e1n -La Voz"},"content":{"rendered":"<p>Santiago de los caballeros, RD.\u2013 El cantante juvenil Robert Guzm\u00e1n, (La Voz) regresa para conquistar los corazones de sus fans con su nueva propuesta musical \u00abAc\u00e9rcate a m\u00ed\u00bb, una cautivadora balada pop que explora las emociones intensas del primer amor adolescente.<\/p>\n<p><img loading=\"lazy\" decoding=\"async\" class=\"alignnone size-medium wp-image-1885\" src=\"https:\/\/periodicolarepublica.com\/wp-content\/uploads\/2024\/10\/IMG-20241011-WA0005-240x300.jpg\" alt=\"\" width=\"240\" height=\"300\" srcset=\"https:\/\/periodicolarepublica.com\/wp-content\/uploads\/2024\/10\/IMG-20241011-WA0005-240x300.jpg?v=1728645600 240w, https:\/\/periodicolarepublica.com\/wp-content\/uploads\/2024\/10\/IMG-20241011-WA0005-819x1024.jpg?v=1728645600 819w, https:\/\/periodicolarepublica.com\/wp-content\/uploads\/2024\/10\/IMG-20241011-WA0005-768x960.jpg?v=1728645600 768w, https:\/\/periodicolarepublica.com\/wp-content\/uploads\/2024\/10\/IMG-20241011-WA0005-150x188.jpg?v=1728645600 150w, https:\/\/periodicolarepublica.com\/wp-content\/uploads\/2024\/10\/IMG-20241011-WA0005-300x375.jpg?v=1728645600 300w, https:\/\/periodicolarepublica.com\/wp-content\/uploads\/2024\/10\/IMG-20241011-WA0005-600x750.jpg?v=1728645600 600w, https:\/\/periodicolarepublica.com\/wp-content\/uploads\/2024\/10\/IMG-20241011-WA0005-696x870.jpg?v=1728645600 696w, https:\/\/periodicolarepublica.com\/wp-content\/uploads\/2024\/10\/IMG-20241011-WA0005.jpg?v=1728645600 1024w\" sizes=\"auto, (max-width: 240px) 100vw, 240px\" \/><\/p>\n<p>Escrita por el talentoso compositor de fama mundial Manuel Morais, \u00e9sta hermosa melod\u00eda se adentra en la historia de un joven que se enamora perdidamente de una adolescente y la invita a acercarse para compartir momentos inolvidables.<\/p>\n<p>&nbsp;<\/p>\n<p>\u00abAc\u00e9rcate a m\u00ed\u00bb es m\u00e1s que una simple canci\u00f3n; es un viaje emocional que evoca la dulzura y la ansiedad del primer amor. Con melod\u00edas pegajosas y una producci\u00f3n vibrante, Robert, logra transmitir la esencia pura y sincera de esos sentimientos de la etapa juvenil donde cada mirada y cada sonrisa cuentan. Las letras invitan a los j\u00f3venes a abrir sus corazones y a dar el paso hacia el amor, recordando que es normal sentir nervios y emoci\u00f3n en cada encuentro.<\/p>\n<p>&nbsp;<\/p>\n<p>El lanzamiento de \u00abAc\u00e9rcate a m\u00ed\u00bb se produce en un momento en que muchos j\u00f3venes buscan canciones que reflejen sus experiencias y emociones. Robert Guzm\u00e1n, conocido por su conexi\u00f3n aut\u00e9ntica con su audiencia, promete que \u00e9sta canci\u00f3n resonar\u00e1 profundamente con quienes han vivido esa chispa especial del primer amor.<\/p>\n<p>&nbsp;<\/p>\n<p>El sencillo estar\u00e1 disponible en todas las plataformas digitales a partir de \u00e9ste viernes 11 del presente mes donde tambi\u00e9n ser\u00e1 el lanzamiento del video musical a trav\u00e9s de una cadena nacional de programas de televisi\u00f3n en vivo, en los que se cuenta: El Show del Mediod\u00eda, De Extremo a Extremo, La Opci\u00f3n 13.0,<\/p>\n<p>Meridiano VTV con Domingo Bautista,<\/p>\n<p>Bebeto Tv.<\/p>\n<p>&nbsp;<\/p>\n<p>\u00c9ste audio visual, que cont\u00f3 con el gui\u00f3n del propio Morais y la realizaci\u00f3n de El Rubiote Films, captura la esencia de la historia narrada en la canci\u00f3n, con im\u00e1genes evocadoras que muestran momentos cotidianos entre adolescentes, llenos de risas, miradas furtivas y esos instantes m\u00e1gicos que marcan el inicio de una relaci\u00f3n.<\/p>\n<p>&#8216;Ac\u00e9rcate a m\u00ed&#8217;, quien cuenta con los arreglos del maestro Jos\u00e9 Alberto Ure\u00f1a, es un himno para todos los adolescentes que sienten ese cosquilleo en el est\u00f3mago cuando est\u00e1n cerca de alguien especial que les inspira a ser valientes y acercarse a quien les gusta.\u00bb<\/p>\n<p>Robert Guzm\u00e1n -La Voz-, que en cada interpretaci\u00f3n se supera as\u00ed mismo, apuesta en \u00e9sta ocasi\u00f3n que la canci\u00f3n \u00abAc\u00e9rcate a m\u00ed\u00bb, sea todo un fen\u00f3meno musical y se convierta en la banda sonora de los corazones j\u00f3venes en \u00e9ste emocionante viaje musical donde se redescubre la magia del primer amor.<\/p>\n","protected":false},"excerpt":{"rendered":"<p>Santiago de los caballeros, RD.\u2013 El cantante juvenil Robert Guzm\u00e1n, (La Voz) regresa para conquistar los corazones de sus fans con su nueva propuesta musical \u00abAc\u00e9rcate a m\u00ed\u00bb, una cautivadora balada pop que explora las emociones intensas del primer amor adolescente. Escrita por el talentoso compositor de fama mundial Manuel Morais, \u00e9sta hermosa melod\u00eda se [&hellip;]<\/p>\n","protected":false},"author":6,"featured_media":1885,"comment_status":"open","ping_status":"open","sticky":false,"template":"","format":"standard","meta":{"om_disable_all_campaigns":false,"_monsterinsights_skip_tracking":false,"_monsterinsights_sitenote_active":false,"_monsterinsights_sitenote_note":"","_monsterinsights_sitenote_category":0,"footnotes":""},"categories":[206,1],"tags":[],"class_list":{"0":"post-1884","1":"post","2":"type-post","3":"status-publish","4":"format-standard","5":"has-post-thumbnail","7":"category-la-republica-del-cibao","8":"category-nacionales"},"aioseo_notices":[],"_links":{"self":[{"href":"https:\/\/periodicolarepublica.com\/index.php\/wp-json\/wp\/v2\/posts\/1884","targetHints":{"allow":["GET"]}}],"collection":[{"href":"https:\/\/periodicolarepublica.com\/index.php\/wp-json\/wp\/v2\/posts"}],"about":[{"href":"https:\/\/periodicolarepublica.com\/index.php\/wp-json\/wp\/v2\/types\/post"}],"author":[{"embeddable":true,"href":"https:\/\/periodicolarepublica.com\/index.php\/wp-json\/wp\/v2\/users\/6"}],"replies":[{"embeddable":true,"href":"https:\/\/periodicolarepublica.com\/index.php\/wp-json\/wp\/v2\/comments?post=1884"}],"version-history":[{"count":1,"href":"https:\/\/periodicolarepublica.com\/index.php\/wp-json\/wp\/v2\/posts\/1884\/revisions"}],"predecessor-version":[{"id":1886,"href":"https:\/\/periodicolarepublica.com\/index.php\/wp-json\/wp\/v2\/posts\/1884\/revisions\/1886"}],"wp:featuredmedia":[{"embeddable":true,"href":"https:\/\/periodicolarepublica.com\/index.php\/wp-json\/wp\/v2\/media\/1885"}],"wp:attachment":[{"href":"https:\/\/periodicolarepublica.com\/index.php\/wp-json\/wp\/v2\/media?parent=1884"}],"wp:term":[{"taxonomy":"category","embeddable":true,"href":"https:\/\/periodicolarepublica.com\/index.php\/wp-json\/wp\/v2\/categories?post=1884"},{"taxonomy":"post_tag","embeddable":true,"href":"https:\/\/periodicolarepublica.com\/index.php\/wp-json\/wp\/v2\/tags?post=1884"}],"curies":[{"name":"wp","href":"https:\/\/api.w.org\/{rel}","templated":true}]}}