{"id":1888,"date":"2024-10-11T22:51:38","date_gmt":"2024-10-11T20:51:38","guid":{"rendered":"https:\/\/periodicolarepublica.com\/?p=1888"},"modified":"2024-10-11T22:51:38","modified_gmt":"2024-10-11T20:51:38","slug":"ministro-victor-atallah-deja-en-funcionamiento-instituto-nacional-de-patologia-forense","status":"publish","type":"post","link":"https:\/\/periodicolarepublica.com\/index.php\/2024\/10\/11\/ministro-victor-atallah-deja-en-funcionamiento-instituto-nacional-de-patologia-forense\/","title":{"rendered":"Ministro Victor Atallah deja en funcionamiento Instituto Nacional de Patolog\u00eda Forense"},"content":{"rendered":"\r\n<p><img loading=\"lazy\" decoding=\"async\" class=\"size-medium wp-image-1893 alignright\" src=\"https:\/\/periodicolarepublica.com\/wp-content\/uploads\/2024\/10\/IMG-20241011-WA0093-300x200.jpg\" alt=\"\" width=\"300\" height=\"200\" \/>Con esta habilitaci\u00f3n se ampl\u00eda la capacidad de almacenamiento, aumentando de 30 a 200 y se proyecta realizar m\u00e1s de 3,200 autopsias cada a\u00f1o.<br \/><br \/>*Santo Domingo, RD.*- El ministro de Salud P\u00fablica, V\u00edctor Atallah y director del Instituto Nacional de Patolog\u00eda Forense, Santos Jim\u00e9nez P\u00e9rez, dejaron inaugurado este viernes la remodelaci\u00f3n y ampliaci\u00f3n del Instituto Nacional de Patolog\u00eda Forense, Dr. Sergio Sarita V\u00e1ldez, a fin de modernizar y facilitar el estudio y entrega de cad\u00e1veres.<br \/><br \/>Las nuevas instalaciones, ampliadas y remodeladas por un monto de alrededor de RD$66 millones de pesos, cuentan con un \u00e1rea para la conservaci\u00f3n y otro para la congelaci\u00f3n con capacidad de hasta 200 cuerpos, superando el volumen anterior que rondaba entre 20 y 30 espacios.<br \/><br \/>El ministro de Salud V\u00edctor Atallah destac\u00f3 que estas instalaciones comenzaron a remodelarse en el a\u00f1o 2019, desde hoy hasta la fecha los servicios eran prestados en condiciones de mucha precariedad, producto del mismo deterioro y la incapacidad para de almacenaje y manejo de cad\u00e1veres. \u201cHoy estamos entregando a la poblaci\u00f3n unas instalaciones modernas puestas a sus servicios y que tambi\u00e9n representan una mejora en la calidad de los servicios que esta instituci\u00f3n les ofrece\u201d.<br \/><br \/>De igual manera, destac\u00f3, \u201cEstamos entregando este remozamiento con el prop\u00f3sito de agilizar los procedimientos cient\u00edficos y realizar la entrega oportuna a las familias de fallecidos en un espacio digno, a los empleados un lugar de trabajo adecuado, a los m\u00e9dicos en formaci\u00f3n un verdadero espacio para el aprendizaje y el enriquecimiento cient\u00edfico, invirtiendo en nuestra gente desde distintas perspectivas. Esta gesti\u00f3n exhibe avances importantes en el Sector Salud y el d\u00eda de hoy celebramos con ustedes uno de ellos\u201d, detall\u00f3.<br \/><br \/>El titular de salud agreg\u00f3 que con la inauguraci\u00f3n de estas instalaciones se mejorar\u00e1 el servicio a la poblaci\u00f3n de forma exponencial \u201cdurante el per\u00edodo 2020-2024 se labor\u00f3 en condiciones no favorables y aun as\u00ed se realizaron 6,208 autopsia, lo que equivale a un promedio de 1,552 autopsias anuales, con esta remodelaci\u00f3n se proyecta duplicar esa cantidad para realizar m\u00e1s de 3,200 cada a\u00f1o\u201d.<br \/><br \/>El ministro resalt\u00f3 la labor realizada por el personal de la instituci\u00f3n \u201cHago una menci\u00f3n especial al personal m\u00e9dico y administrativo de este instituto que bajo las circunstancias adversas entregaron lo mejor de s\u00ed para mantener el servicio disponible para beneficio de las familias que han perdido sus familiares\u201d.<br \/><br \/>Mientras que, Sergio Sarita V\u00e1ldez, m\u00e9dico pat\u00f3logo de qui\u00e9n lleva el instituto el nombre, agradeci\u00f3 al presidente Luis Abinader, a trav\u00e9s del ministro de Salud V\u00edctor Atallah, por entregar tan esperada obra, que llevaba a\u00f1os sin que se pudiera mejorar, para brindar un servicio digno a las familias de los fallecidos.<br \/><br \/>El m\u00e9dico puntualiz\u00f3 que entre los objetivos logrados con esta remodelaci\u00f3n se destacan tres aspectos: lo social, el servicio y la docencia.<br \/><br \/>\u00abSe cubre una necesidad que exist\u00eda, aporta a la investigaci\u00f3n y forma recursos humanos. El aporte es para el futuro del pa\u00eds, con la formaci\u00f3n de estudiantes, cumpliendo con los est\u00e1ndares, requerimientos y equipamientos necesarios para la formaci\u00f3n de especialistas en materia forense\u00bb, dijo V\u00e1ldez.<br \/><br \/>Esta nueva edificaci\u00f3n comprende de tres niveles: en el primer nivel se encuentra el lobby y otra \u00e1rea definida para la recepci\u00f3n de los usuarios o familiares y de los difuntos; mientras que en el segundo nivel est\u00e1 el \u00e1rea administrativa y el laboratorio; por su parte en el tercer nivel se est\u00e1n habilitando aulas para dar clases de medicina forense a estudiantes.<br \/><br \/>El espacio ampliado y remodelado cuenta tambi\u00e9n con cinco tableros post mortem o mesas para las autopsias, con pisos as\u00e9pticos para el control de bacterias, ba\u00f1os, parqueos, ascensores y estructuras accesibles para personas con discapacidad. Planta el\u00e9ctrica de gran capacidad, transformadores, sistema de seguridad cerrado, c\u00e1maras de vigilancia, sal\u00f3n para m\u00e9dicos especialistas y en lo adelante estar\u00e1 disponible un \u00e1rea de comedor para los empleados.<br \/><br \/>En el acto de entrega tambi\u00e9n estuvieron presente, Eddy P\u00e9rez Then, asesor del Ministerio de Salud P\u00fablica; Alba Ropero, representante de la Organizaci\u00f3n Mundial de la salud para Rep\u00fablica Dominicana; Santiago Hazim, director ejecutivo de Senasa, Jos\u00e9 Matos, viceministro de Garant\u00eda de la Calidad del Ministerio de Salud P\u00fablica y Eladio P\u00e9rez, viceministro de Salud Colectiva.<\/p>\r\n","protected":false},"excerpt":{"rendered":"<p>Con esta habilitaci\u00f3n se ampl\u00eda la capacidad de almacenamiento, aumentando de 30 a 200 y se proyecta realizar m\u00e1s de 3,200 autopsias cada a\u00f1o. *Santo Domingo, RD.*- El ministro de Salud P\u00fablica, V\u00edctor Atallah y director del Instituto Nacional de Patolog\u00eda Forense, Santos Jim\u00e9nez P\u00e9rez, dejaron inaugurado este viernes la remodelaci\u00f3n y ampliaci\u00f3n del Instituto [&hellip;]<\/p>\n","protected":false},"author":10,"featured_media":0,"comment_status":"open","ping_status":"open","sticky":false,"template":"","format":"standard","meta":{"om_disable_all_campaigns":false,"_monsterinsights_skip_tracking":false,"_monsterinsights_sitenote_active":false,"_monsterinsights_sitenote_note":"","_monsterinsights_sitenote_category":0,"footnotes":""},"categories":[1],"tags":[159],"class_list":{"0":"post-1888","1":"post","2":"type-post","3":"status-publish","4":"format-standard","6":"category-nacionales","7":"tag-ministro-de-salud-publica-victor-atallah"},"aioseo_notices":[],"_links":{"self":[{"href":"https:\/\/periodicolarepublica.com\/index.php\/wp-json\/wp\/v2\/posts\/1888","targetHints":{"allow":["GET"]}}],"collection":[{"href":"https:\/\/periodicolarepublica.com\/index.php\/wp-json\/wp\/v2\/posts"}],"about":[{"href":"https:\/\/periodicolarepublica.com\/index.php\/wp-json\/wp\/v2\/types\/post"}],"author":[{"embeddable":true,"href":"https:\/\/periodicolarepublica.com\/index.php\/wp-json\/wp\/v2\/users\/10"}],"replies":[{"embeddable":true,"href":"https:\/\/periodicolarepublica.com\/index.php\/wp-json\/wp\/v2\/comments?post=1888"}],"version-history":[{"count":2,"href":"https:\/\/periodicolarepublica.com\/index.php\/wp-json\/wp\/v2\/posts\/1888\/revisions"}],"predecessor-version":[{"id":1894,"href":"https:\/\/periodicolarepublica.com\/index.php\/wp-json\/wp\/v2\/posts\/1888\/revisions\/1894"}],"wp:attachment":[{"href":"https:\/\/periodicolarepublica.com\/index.php\/wp-json\/wp\/v2\/media?parent=1888"}],"wp:term":[{"taxonomy":"category","embeddable":true,"href":"https:\/\/periodicolarepublica.com\/index.php\/wp-json\/wp\/v2\/categories?post=1888"},{"taxonomy":"post_tag","embeddable":true,"href":"https:\/\/periodicolarepublica.com\/index.php\/wp-json\/wp\/v2\/tags?post=1888"}],"curies":[{"name":"wp","href":"https:\/\/api.w.org\/{rel}","templated":true}]}}