{"id":1892,"date":"2024-10-14T18:34:29","date_gmt":"2024-10-14T16:34:29","guid":{"rendered":"https:\/\/periodicolarepublica.com\/?p=1892"},"modified":"2024-10-14T18:34:29","modified_gmt":"2024-10-14T16:34:29","slug":"ministerio-de-salud-exhorta-a-la-poblacion-a-reforzar-medidas-preventivas-ante-afecciones-respiratorias-estacionales","status":"publish","type":"post","link":"https:\/\/periodicolarepublica.com\/index.php\/2024\/10\/14\/ministerio-de-salud-exhorta-a-la-poblacion-a-reforzar-medidas-preventivas-ante-afecciones-respiratorias-estacionales\/","title":{"rendered":"Ministerio de Salud exhorta a la poblaci\u00f3n a reforzar medidas preventivas ante afecciones respiratorias estacionales"},"content":{"rendered":"\r\n<p><img loading=\"lazy\" decoding=\"async\" class=\"size-medium wp-image-1580 alignright\" src=\"https:\/\/periodicolarepublica.com\/wp-content\/uploads\/2024\/08\/IMG-20240828-WA0019-300x200.jpg\" alt=\"\" width=\"300\" height=\"200\" srcset=\"https:\/\/periodicolarepublica.com\/wp-content\/uploads\/2024\/08\/IMG-20240828-WA0019-300x200.jpg?v=1724860798 300w, https:\/\/periodicolarepublica.com\/wp-content\/uploads\/2024\/08\/IMG-20240828-WA0019-1024x682.jpg?v=1724860798 1024w, https:\/\/periodicolarepublica.com\/wp-content\/uploads\/2024\/08\/IMG-20240828-WA0019-768x512.jpg?v=1724860798 768w, https:\/\/periodicolarepublica.com\/wp-content\/uploads\/2024\/08\/IMG-20240828-WA0019-1536x1023.jpg?v=1724860798 1536w, https:\/\/periodicolarepublica.com\/wp-content\/uploads\/2024\/08\/IMG-20240828-WA0019-150x100.jpg?v=1724860798 150w, https:\/\/periodicolarepublica.com\/wp-content\/uploads\/2024\/08\/IMG-20240828-WA0019-600x400.jpg?v=1724860798 600w, https:\/\/periodicolarepublica.com\/wp-content\/uploads\/2024\/08\/IMG-20240828-WA0019-696x464.jpg?v=1724860798 696w, https:\/\/periodicolarepublica.com\/wp-content\/uploads\/2024\/08\/IMG-20240828-WA0019-1392x927.jpg?v=1724860798 1392w, https:\/\/periodicolarepublica.com\/wp-content\/uploads\/2024\/08\/IMG-20240828-WA0019-1068x712.jpg?v=1724860798 1068w, https:\/\/periodicolarepublica.com\/wp-content\/uploads\/2024\/08\/IMG-20240828-WA0019.jpg?v=1724860798 1600w\" sizes=\"auto, (max-width: 300px) 100vw, 300px\" \/>*Se recomienda el lavado frecuente de manos con agua y jab\u00f3n y evitar la automedicaci\u00f3n*.<br \/><br \/>*Santo Domingo, D.N* \u2013 El Ministerio de Salud P\u00fablica (MSP) inform\u00f3 que el n\u00famero de casos de enfermedades respiratorias registrado hasta el momento se encuentra dentro de los par\u00e1metros esperados para la temporada, sin que se haya detectado un brote inusual. No obstante, la entidad exhorta a la poblaci\u00f3n a seguir tomando medidas preventivas para evitar nuevos contagios y complicaciones, especialmente en los grupos m\u00e1s vulnerables.<br \/><br \/>El organismo explic\u00f3 que, como es habitual entre los meses de octubre y febrero, se ha observado un aumento en los casos de gripe estacional, influenciado por factores clim\u00e1ticos que favorecen la propagaci\u00f3n de virus como la influenza, el virus respiratorio sincitial y el metapneumovirus. Estos datos provienen de la vigilancia centinela y de las muestras procesadas por el Laboratorio Nacional de Referencia Doctor Defill\u00f3.<br \/><br \/>El Ministerio inform\u00f3 que en las pr\u00f3ximas semanas se anunciar\u00e1 la disponibilidad de la vacuna contra la influenza, que ayuda a reducir el riesgo de enfermedades respiratorias y sus complicaciones, especialmente entre los lactantes, ni\u00f1os menores de cinco a\u00f1os, mujeres embarazadas, personas mayores y aquellos con sistemas inmunodeprimidos.<br \/><br \/>Asimismo, el MSP recomend\u00f3 continuar con medidas b\u00e1sicas de prevenci\u00f3n, tales como el lavado frecuente de manos con agua y jab\u00f3n, el uso de mascarillas en espacios cerrados o concurridos, la desinfecci\u00f3n de superficies y evitar la automedicaci\u00f3n.<br \/><br \/>En caso de presentar s\u00edntomas como fiebre, tos o dificultad para respirar, se insta a la poblaci\u00f3n a acudir al centro de salud m\u00e1s cercano para recibir atenci\u00f3n m\u00e9dica adecuada.<br \/><br \/>El Ministerio reitera que, aunque la situaci\u00f3n actual de las enfermedades respiratorias est\u00e1 bajo control, es fundamental que toda la poblaci\u00f3n siga estas recomendaciones para minimizar el impacto de la temporada y proteger a los m\u00e1s vulnerables de posibles complicaciones.<\/p>\r\n","protected":false},"excerpt":{"rendered":"<p>*Se recomienda el lavado frecuente de manos con agua y jab\u00f3n y evitar la automedicaci\u00f3n*. *Santo Domingo, D.N* \u2013 El Ministerio de Salud P\u00fablica (MSP) inform\u00f3 que el n\u00famero de casos de enfermedades respiratorias registrado hasta el momento se encuentra dentro de los par\u00e1metros esperados para la temporada, sin que se haya detectado un brote [&hellip;]<\/p>\n","protected":false},"author":10,"featured_media":1580,"comment_status":"open","ping_status":"open","sticky":false,"template":"","format":"standard","meta":{"om_disable_all_campaigns":false,"_monsterinsights_skip_tracking":false,"_monsterinsights_sitenote_active":false,"_monsterinsights_sitenote_note":"","_monsterinsights_sitenote_category":0,"footnotes":""},"categories":[1],"tags":[159],"class_list":{"0":"post-1892","1":"post","2":"type-post","3":"status-publish","4":"format-standard","5":"has-post-thumbnail","7":"category-nacionales","8":"tag-ministro-de-salud-publica-victor-atallah"},"aioseo_notices":[],"_links":{"self":[{"href":"https:\/\/periodicolarepublica.com\/index.php\/wp-json\/wp\/v2\/posts\/1892","targetHints":{"allow":["GET"]}}],"collection":[{"href":"https:\/\/periodicolarepublica.com\/index.php\/wp-json\/wp\/v2\/posts"}],"about":[{"href":"https:\/\/periodicolarepublica.com\/index.php\/wp-json\/wp\/v2\/types\/post"}],"author":[{"embeddable":true,"href":"https:\/\/periodicolarepublica.com\/index.php\/wp-json\/wp\/v2\/users\/10"}],"replies":[{"embeddable":true,"href":"https:\/\/periodicolarepublica.com\/index.php\/wp-json\/wp\/v2\/comments?post=1892"}],"version-history":[{"count":2,"href":"https:\/\/periodicolarepublica.com\/index.php\/wp-json\/wp\/v2\/posts\/1892\/revisions"}],"predecessor-version":[{"id":1905,"href":"https:\/\/periodicolarepublica.com\/index.php\/wp-json\/wp\/v2\/posts\/1892\/revisions\/1905"}],"wp:featuredmedia":[{"embeddable":true,"href":"https:\/\/periodicolarepublica.com\/index.php\/wp-json\/wp\/v2\/media\/1580"}],"wp:attachment":[{"href":"https:\/\/periodicolarepublica.com\/index.php\/wp-json\/wp\/v2\/media?parent=1892"}],"wp:term":[{"taxonomy":"category","embeddable":true,"href":"https:\/\/periodicolarepublica.com\/index.php\/wp-json\/wp\/v2\/categories?post=1892"},{"taxonomy":"post_tag","embeddable":true,"href":"https:\/\/periodicolarepublica.com\/index.php\/wp-json\/wp\/v2\/tags?post=1892"}],"curies":[{"name":"wp","href":"https:\/\/api.w.org\/{rel}","templated":true}]}}