{"id":1895,"date":"2024-10-13T01:19:04","date_gmt":"2024-10-12T23:19:04","guid":{"rendered":"https:\/\/periodicolarepublica.com\/?p=1895"},"modified":"2024-10-13T01:19:04","modified_gmt":"2024-10-12T23:19:04","slug":"cesarina-beauchamp-participa-en-conversatorio-expo-cumbre-de-factor-de-exito-2024","status":"publish","type":"post","link":"https:\/\/periodicolarepublica.com\/index.php\/2024\/10\/13\/cesarina-beauchamp-participa-en-conversatorio-expo-cumbre-de-factor-de-exito-2024\/","title":{"rendered":"Cesarina Beauchamp participa en Conversatorio Expo Cumbre de Factor de \u00c9xito 2024"},"content":{"rendered":"<p>La Expo Cumbre de Factor de \u00c9xito 2024 se convirti\u00f3 en un escenario de intercambio de ideas y propuestas sobre el futuro de la infraestructura tur\u00edstica, con la intervenci\u00f3n destacada de la reconocida empresaria Cesarina Beauchamp. Bajo el lema \u00abLa inversi\u00f3n de infraestructura tur\u00edstica, la sinergia y la evoluci\u00f3n del sistema\u00bb, el conversatorio abord\u00f3 temas cr\u00edticos como el liderazgo empresarial y la colaboraci\u00f3n en el sector tur\u00edstico.<\/p>\n<p><img loading=\"lazy\" decoding=\"async\" class=\"alignnone size-medium wp-image-1896\" src=\"https:\/\/periodicolarepublica.com\/wp-content\/uploads\/2024\/10\/Picsart_24-10-12_13-14-03-386-300x169.jpg\" alt=\"\" width=\"300\" height=\"169\" srcset=\"https:\/\/periodicolarepublica.com\/wp-content\/uploads\/2024\/10\/Picsart_24-10-12_13-14-03-386-300x169.jpg?v=1728774578 300w, https:\/\/periodicolarepublica.com\/wp-content\/uploads\/2024\/10\/Picsart_24-10-12_13-14-03-386-1024x576.jpg?v=1728774578 1024w, https:\/\/periodicolarepublica.com\/wp-content\/uploads\/2024\/10\/Picsart_24-10-12_13-14-03-386-768x432.jpg?v=1728774578 768w, https:\/\/periodicolarepublica.com\/wp-content\/uploads\/2024\/10\/Picsart_24-10-12_13-14-03-386-1536x864.jpg?v=1728774578 1536w, https:\/\/periodicolarepublica.com\/wp-content\/uploads\/2024\/10\/Picsart_24-10-12_13-14-03-386-150x84.jpg?v=1728774578 150w, https:\/\/periodicolarepublica.com\/wp-content\/uploads\/2024\/10\/Picsart_24-10-12_13-14-03-386-600x338.jpg?v=1728774578 600w, https:\/\/periodicolarepublica.com\/wp-content\/uploads\/2024\/10\/Picsart_24-10-12_13-14-03-386-696x392.jpg?v=1728774578 696w, https:\/\/periodicolarepublica.com\/wp-content\/uploads\/2024\/10\/Picsart_24-10-12_13-14-03-386-1392x783.jpg?v=1728774578 1392w, https:\/\/periodicolarepublica.com\/wp-content\/uploads\/2024\/10\/Picsart_24-10-12_13-14-03-386-1068x601.jpg?v=1728774578 1068w, https:\/\/periodicolarepublica.com\/wp-content\/uploads\/2024\/10\/Picsart_24-10-12_13-14-03-386-1920x1080.jpg?v=1728774578 1920w, https:\/\/periodicolarepublica.com\/wp-content\/uploads\/2024\/10\/Picsart_24-10-12_13-14-03-386.jpg?v=1728774578 2040w\" sizes=\"auto, (max-width: 300px) 100vw, 300px\" \/><\/p>\n<p>Moderado por el experimentado Juan Mart\u00edn De Oliva, el panel reuni\u00f3 a l\u00edderes de la industria y expertos en desarrollo sostenible, quienes compartieron sus experiencias y visiones sobre c\u00f3mo mejorar la infraestructura tur\u00edstica en un entorno en constante evoluci\u00f3n.<\/p>\n<p>El conversatorio tambi\u00e9n permiti\u00f3 abordar casos de \u00e9xito en diferentes renglones , donde la colaboraci\u00f3n entre entidades gubernamentales y empresas ha llevado a la implementaci\u00f3n de proyectos que no solo han mejorado la oferta tur\u00edstica, la aviaci\u00f3n , conexi\u00f3n e inversiones, que han contribuido al bienestar del pa\u00eds.<\/p>\n","protected":false},"excerpt":{"rendered":"<p>La Expo Cumbre de Factor de \u00c9xito 2024 se convirti\u00f3 en un escenario de intercambio de ideas y propuestas sobre el futuro de la infraestructura tur\u00edstica, con la intervenci\u00f3n destacada de la reconocida empresaria Cesarina Beauchamp. Bajo el lema \u00abLa inversi\u00f3n de infraestructura tur\u00edstica, la sinergia y la evoluci\u00f3n del sistema\u00bb, el conversatorio abord\u00f3 temas [&hellip;]<\/p>\n","protected":false},"author":1,"featured_media":1896,"comment_status":"open","ping_status":"open","sticky":false,"template":"","format":"standard","meta":{"om_disable_all_campaigns":false,"_monsterinsights_skip_tracking":false,"_monsterinsights_sitenote_active":false,"_monsterinsights_sitenote_note":"","_monsterinsights_sitenote_category":0,"footnotes":""},"categories":[1,20],"tags":[],"class_list":{"0":"post-1895","1":"post","2":"type-post","3":"status-publish","4":"format-standard","5":"has-post-thumbnail","7":"category-nacionales","8":"category-turismo"},"aioseo_notices":[],"_links":{"self":[{"href":"https:\/\/periodicolarepublica.com\/index.php\/wp-json\/wp\/v2\/posts\/1895","targetHints":{"allow":["GET"]}}],"collection":[{"href":"https:\/\/periodicolarepublica.com\/index.php\/wp-json\/wp\/v2\/posts"}],"about":[{"href":"https:\/\/periodicolarepublica.com\/index.php\/wp-json\/wp\/v2\/types\/post"}],"author":[{"embeddable":true,"href":"https:\/\/periodicolarepublica.com\/index.php\/wp-json\/wp\/v2\/users\/1"}],"replies":[{"embeddable":true,"href":"https:\/\/periodicolarepublica.com\/index.php\/wp-json\/wp\/v2\/comments?post=1895"}],"version-history":[{"count":1,"href":"https:\/\/periodicolarepublica.com\/index.php\/wp-json\/wp\/v2\/posts\/1895\/revisions"}],"predecessor-version":[{"id":1897,"href":"https:\/\/periodicolarepublica.com\/index.php\/wp-json\/wp\/v2\/posts\/1895\/revisions\/1897"}],"wp:featuredmedia":[{"embeddable":true,"href":"https:\/\/periodicolarepublica.com\/index.php\/wp-json\/wp\/v2\/media\/1896"}],"wp:attachment":[{"href":"https:\/\/periodicolarepublica.com\/index.php\/wp-json\/wp\/v2\/media?parent=1895"}],"wp:term":[{"taxonomy":"category","embeddable":true,"href":"https:\/\/periodicolarepublica.com\/index.php\/wp-json\/wp\/v2\/categories?post=1895"},{"taxonomy":"post_tag","embeddable":true,"href":"https:\/\/periodicolarepublica.com\/index.php\/wp-json\/wp\/v2\/tags?post=1895"}],"curies":[{"name":"wp","href":"https:\/\/api.w.org\/{rel}","templated":true}]}}