{"id":1898,"date":"2024-10-13T02:14:17","date_gmt":"2024-10-13T00:14:17","guid":{"rendered":"https:\/\/periodicolarepublica.com\/?p=1898"},"modified":"2024-10-13T02:15:32","modified_gmt":"2024-10-13T00:15:32","slug":"raquel-pena-inaugura-reconstruccion-carretera-gurabito-de-yaroa-en-puerto-plata","status":"publish","type":"post","link":"https:\/\/periodicolarepublica.com\/index.php\/2024\/10\/13\/raquel-pena-inaugura-reconstruccion-carretera-gurabito-de-yaroa-en-puerto-plata\/","title":{"rendered":"Raquel Pe\u00f1a inaugura reconstrucci\u00f3n carretera Gurabito de Yaroa en Puerto Plata"},"content":{"rendered":"<p style=\"text-align: left;\">Puerto Plata, RD. -La vicepresidenta Raquel Pe\u00f1a, acompa\u00f1ada del ministro de Obras P\u00fablicas, Deligne Ascenci\u00f3n, inaugur\u00f3 este s\u00e1bado la carretera Gurabito de Yaroa, para la que se destin\u00f3 una inversi\u00f3n de alrededor de RD$1,000 millones de pesos.<\/p>\n<ol>\n<li><img loading=\"lazy\" decoding=\"async\" class=\"alignnone size-medium wp-image-1899\" src=\"https:\/\/periodicolarepublica.com\/wp-content\/uploads\/2024\/10\/IMG-20241012-WA0035-300x200.jpg\" alt=\"\" width=\"300\" height=\"200\" \/><\/li>\n<\/ol>\n<p>La obra fue desarrollada a trav\u00e9s del Ministerio de Obras P\u00fablicas y Comunicaciones (MOPC) y abarca una longitud de 8.55 kil\u00f3metros, con un ancho promedio de 7.00 metros enlazando con los sectores de Yaroa Arriba, Los S\u00e1nchez, La Burra, Yaroa Abajo, entre otras localidades.<\/p>\n<p>La carretera cuenta con cuatro puentes, con una extensi\u00f3n de 102 metros lineales, que garantizan un tr\u00e1nsito vehicular fluido en ambas direcciones.<\/p>\n<p>El ministro Ascenci\u00f3n expres\u00f3 que los trabajos incluyen estabilizaci\u00f3n y pavimentaci\u00f3n de la v\u00eda, as\u00ed como las intervenciones necesarias para garantizar la correntias de las aguas en una zona de alta pluviometr\u00eda; bordillos y canaletas; alcantarillas y puentes tipo caj\u00f3n; muros de gaviones y estabilizadores de los taludes con hormig\u00f3n y muros de tierra armada.<\/p>\n<p>Dijo adem\u00e1s que la v\u00eda cuenta con las se\u00f1alizaciones preventivas y de advertencia para ofrecer seguridad a los viajeros que circulan por la zona de alto inter\u00e9s productivo y vocaci\u00f3n para el ecoturismo, por la belleza de sus monta\u00f1as, clima privilegiado y agradable calidad de las aguas de sus r\u00edos.<\/p>\n<p>Explic\u00f3 que la obra tiene una significaci\u00f3n especial, porque forma parte de un conjunto de caminos vecinales y obras complementarias que conforman el circuito vial de la carretera tur\u00edstica Gregorio Luper\u00f3n, uniendo a las provincias de Santiago y Puerto Plata.<\/p>\n<p>\u201cLa carretera interprovincial no tendr\u00eda un efecto social multiplicador, si no estuviese integrada, mediante la interconexi\u00f3n vial con las zonas rurales y los peque\u00f1os poblados de la cordillera, nos referimos a la vasta red de caminos que hemos construido y mejorado alrededor de la carretera principal, completando la capa asf\u00e1ltica, sus drenajes, sus postes el\u00e9ctricos, la construcci\u00f3n de puentes y alcantarillas y la se\u00f1alizaci\u00f3n que moderniza todo el entorno de esta productiva regi\u00f3n\u201d, enfatiz\u00f3.<\/p>\n<p>La carretera fue construida por la empresa Ingenier\u00eda Estrella, en el marco de un contrato que ha permitido impactar la conectividad de la regi\u00f3n Norte de la provincia de Santiago y las zonas rurales de la provincia de Puerto Plata.<\/p>\n<p>En la provincia de Puerto Plata, el gobierno que encabeza el presidente Luis Abinader, a trav\u00e9s del MOPC, ha invertido y terminado 39 obras por un monto de 6 mil 355 millones de pesos.<\/p>\n","protected":false},"excerpt":{"rendered":"<p>Puerto Plata, RD. -La vicepresidenta Raquel Pe\u00f1a, acompa\u00f1ada del ministro de Obras P\u00fablicas, Deligne Ascenci\u00f3n, inaugur\u00f3 este s\u00e1bado la carretera Gurabito de Yaroa, para la que se destin\u00f3 una inversi\u00f3n de alrededor de RD$1,000 millones de pesos. La obra fue desarrollada a trav\u00e9s del Ministerio de Obras P\u00fablicas y Comunicaciones (MOPC) y abarca una longitud [&hellip;]<\/p>\n","protected":false},"author":6,"featured_media":0,"comment_status":"open","ping_status":"open","sticky":false,"template":"","format":"standard","meta":{"om_disable_all_campaigns":false,"_monsterinsights_skip_tracking":false,"_monsterinsights_sitenote_active":false,"_monsterinsights_sitenote_note":"","_monsterinsights_sitenote_category":0,"footnotes":""},"categories":[1],"tags":[],"class_list":{"0":"post-1898","1":"post","2":"type-post","3":"status-publish","4":"format-standard","6":"category-nacionales"},"aioseo_notices":[],"_links":{"self":[{"href":"https:\/\/periodicolarepublica.com\/index.php\/wp-json\/wp\/v2\/posts\/1898","targetHints":{"allow":["GET"]}}],"collection":[{"href":"https:\/\/periodicolarepublica.com\/index.php\/wp-json\/wp\/v2\/posts"}],"about":[{"href":"https:\/\/periodicolarepublica.com\/index.php\/wp-json\/wp\/v2\/types\/post"}],"author":[{"embeddable":true,"href":"https:\/\/periodicolarepublica.com\/index.php\/wp-json\/wp\/v2\/users\/6"}],"replies":[{"embeddable":true,"href":"https:\/\/periodicolarepublica.com\/index.php\/wp-json\/wp\/v2\/comments?post=1898"}],"version-history":[{"count":3,"href":"https:\/\/periodicolarepublica.com\/index.php\/wp-json\/wp\/v2\/posts\/1898\/revisions"}],"predecessor-version":[{"id":1902,"href":"https:\/\/periodicolarepublica.com\/index.php\/wp-json\/wp\/v2\/posts\/1898\/revisions\/1902"}],"wp:attachment":[{"href":"https:\/\/periodicolarepublica.com\/index.php\/wp-json\/wp\/v2\/media?parent=1898"}],"wp:term":[{"taxonomy":"category","embeddable":true,"href":"https:\/\/periodicolarepublica.com\/index.php\/wp-json\/wp\/v2\/categories?post=1898"},{"taxonomy":"post_tag","embeddable":true,"href":"https:\/\/periodicolarepublica.com\/index.php\/wp-json\/wp\/v2\/tags?post=1898"}],"curies":[{"name":"wp","href":"https:\/\/api.w.org\/{rel}","templated":true}]}}