{"id":1904,"date":"2024-10-15T21:36:18","date_gmt":"2024-10-15T19:36:18","guid":{"rendered":"https:\/\/periodicolarepublica.com\/?p=1904"},"modified":"2024-10-15T21:36:18","modified_gmt":"2024-10-15T19:36:18","slug":"tomas-hernandez-alberto-aboga-por-reformas-constitucional-y-fiscal-en-el-programa-politikal","status":"publish","type":"post","link":"https:\/\/periodicolarepublica.com\/index.php\/2024\/10\/15\/tomas-hernandez-alberto-aboga-por-reformas-constitucional-y-fiscal-en-el-programa-politikal\/","title":{"rendered":"Tom\u00e1s Hern\u00e1ndez Alberto Aboga por Reformas Constitucional y Fiscal en el Programa POLITIKAL"},"content":{"rendered":"\r\n<p><img loading=\"lazy\" decoding=\"async\" class=\"size-medium wp-image-1908 alignright\" src=\"https:\/\/periodicolarepublica.com\/wp-content\/uploads\/2024\/10\/20241015_151526-247x300.jpg\" alt=\"\" width=\"247\" height=\"300\" \/>El ingeniero Tom\u00e1s Hern\u00e1ndez Alberto particip\u00f3 recientemente en el programa POLITIKAL, transmitido por 94.5 FM y la plataforma de \u00daltimo Minuto Media, donde expuso la urgente necesidad de llevar a cabo reformas constitucional y fiscal en la Rep\u00fablica Dominicana. Durante su intervenci\u00f3n, Hern\u00e1ndez Alberto destac\u00f3 que estas reformas son esenciales para el desarrollo sostenible del pa\u00eds.<br \/><br \/>En cuanto a la reforma constitucional, el ingeniero argument\u00f3 que es imperativo modificar los art\u00edculos relacionado con la independencia del ministerio p\u00fablico. \u00abEs fundamental que estos organismos operen de manera aut\u00f3noma, sin interferencias pol\u00edticas, para garantizar la justicia y la transparencia en la administraci\u00f3n p\u00fablica\u00bb, afirm\u00f3.<br \/><br \/>Por otro lado, Hern\u00e1ndez Alberto subray\u00f3 la importancia de la reforma fiscal, se\u00f1alando que el gobierno del presidente Luis Abinader necesita implementar cambios en la estructura tributaria del pa\u00eds. \u00abLa reforma fiscal busca incrementar los ingresos del Estado, lo que se traduce en mayores recursos para sectores vitales como salud, educaci\u00f3n, seguridad y transporte\u00bb, explic\u00f3.<br \/><br \/>El ingeniero tambi\u00e9n hizo hincapi\u00e9 en que una adecuada financiaci\u00f3n de estos servicios esenciales es crucial para mejorar la calidad de vida de los dominicanos. \u00abSin una base fiscal s\u00f3lida, es imposible ofrecer los servicios que la poblaci\u00f3n merece\u00bb, a\u00f1adi\u00f3.<br \/><br \/>Hern\u00e1ndez Alberto inst\u00f3 a los ciudadanos y a los sectores pol\u00edticos a unirse en torno a estas reformas, resaltando que son una oportunidad para avanzar hacia una democracia m\u00e1s robusta y un estado m\u00e1s eficiente. \u00abEl cambio es necesario y urgente, y contar con el apoyo popular es fundamental para llevarlo a cabo\u00bb, expres\u00f3.<br \/><br \/>Adem\u00e1s, el ingeniero se\u00f1al\u00f3 que estas reformas no solo son responsabilidad del gobierno, sino que requieren la colaboraci\u00f3n de todos los actores sociales. \u00abEs un llamado a la acci\u00f3n para todos: ciudadanos, organizaciones y partidos pol\u00edticos\u00bb, concluy\u00f3.<\/p>\r\n","protected":false},"excerpt":{"rendered":"<p>El ingeniero Tom\u00e1s Hern\u00e1ndez Alberto particip\u00f3 recientemente en el programa POLITIKAL, transmitido por 94.5 FM y la plataforma de \u00daltimo Minuto Media, donde expuso la urgente necesidad de llevar a cabo reformas constitucional y fiscal en la Rep\u00fablica Dominicana. Durante su intervenci\u00f3n, Hern\u00e1ndez Alberto destac\u00f3 que estas reformas son esenciales para el desarrollo sostenible del [&hellip;]<\/p>\n","protected":false},"author":10,"featured_media":0,"comment_status":"open","ping_status":"open","sticky":false,"template":"","format":"standard","meta":{"om_disable_all_campaigns":false,"_monsterinsights_skip_tracking":false,"_monsterinsights_sitenote_active":false,"_monsterinsights_sitenote_note":"","_monsterinsights_sitenote_category":0,"footnotes":""},"categories":[1],"tags":[163],"class_list":{"0":"post-1904","1":"post","2":"type-post","3":"status-publish","4":"format-standard","6":"category-nacionales","7":"tag-tomas-hernandez-alberto"},"aioseo_notices":[],"_links":{"self":[{"href":"https:\/\/periodicolarepublica.com\/index.php\/wp-json\/wp\/v2\/posts\/1904","targetHints":{"allow":["GET"]}}],"collection":[{"href":"https:\/\/periodicolarepublica.com\/index.php\/wp-json\/wp\/v2\/posts"}],"about":[{"href":"https:\/\/periodicolarepublica.com\/index.php\/wp-json\/wp\/v2\/types\/post"}],"author":[{"embeddable":true,"href":"https:\/\/periodicolarepublica.com\/index.php\/wp-json\/wp\/v2\/users\/10"}],"replies":[{"embeddable":true,"href":"https:\/\/periodicolarepublica.com\/index.php\/wp-json\/wp\/v2\/comments?post=1904"}],"version-history":[{"count":2,"href":"https:\/\/periodicolarepublica.com\/index.php\/wp-json\/wp\/v2\/posts\/1904\/revisions"}],"predecessor-version":[{"id":1909,"href":"https:\/\/periodicolarepublica.com\/index.php\/wp-json\/wp\/v2\/posts\/1904\/revisions\/1909"}],"wp:attachment":[{"href":"https:\/\/periodicolarepublica.com\/index.php\/wp-json\/wp\/v2\/media?parent=1904"}],"wp:term":[{"taxonomy":"category","embeddable":true,"href":"https:\/\/periodicolarepublica.com\/index.php\/wp-json\/wp\/v2\/categories?post=1904"},{"taxonomy":"post_tag","embeddable":true,"href":"https:\/\/periodicolarepublica.com\/index.php\/wp-json\/wp\/v2\/tags?post=1904"}],"curies":[{"name":"wp","href":"https:\/\/api.w.org\/{rel}","templated":true}]}}