{"id":1911,"date":"2024-10-17T15:43:23","date_gmt":"2024-10-17T13:43:23","guid":{"rendered":"https:\/\/periodicolarepublica.com\/?p=1911"},"modified":"2024-10-17T15:43:23","modified_gmt":"2024-10-17T13:43:23","slug":"tomas-hernandez-alberto-destaca-la-importancia-de-la-reforma-fiscal-en-el-programa-una-nueva-manana","status":"publish","type":"post","link":"https:\/\/periodicolarepublica.com\/index.php\/2024\/10\/17\/tomas-hernandez-alberto-destaca-la-importancia-de-la-reforma-fiscal-en-el-programa-una-nueva-manana\/","title":{"rendered":"Tom\u00e1s Hern\u00e1ndez Alberto destaca la importancia de la reforma fiscal en el  programa \u00abUna Nueva Ma\u00f1ana\u00bb"},"content":{"rendered":"\r\n<p><img loading=\"lazy\" decoding=\"async\" class=\"size-medium wp-image-1915 alignright\" src=\"https:\/\/periodicolarepublica.com\/wp-content\/uploads\/2024\/10\/20241017_091625-225x300.jpg\" alt=\"\" width=\"225\" height=\"300\" \/>En su participaci\u00f3n en el programa matutino \u00abUna Nueva Ma\u00f1ana\u00bb, el ingeniero Tom\u00e1s Hern\u00e1ndez Alberto subray\u00f3 la relevancia de la reforma fiscal implementada por el presidente Luis Abinader. Durante su intervenci\u00f3n, Hern\u00e1ndez Alberto destac\u00f3 que esta reforma ser\u00e1 objeto de un amplio debate en vista p\u00fablica, con el objetivo de alcanzar consensos entre los diversos sectores econ\u00f3micos del pa\u00eds.<br \/><br \/>El ingeniero enfatiz\u00f3 que el pueblo dominicano est\u00e1 mostrando un respaldo significativo a esta iniciativa fiscal. Seg\u00fan Hern\u00e1ndez Alberto, la reforma no solo busca mejorar la situaci\u00f3n econ\u00f3mica del pa\u00eds, sino que tambi\u00e9n asegura la llegada de m\u00e1s productos de la canasta familiar, lo cual es fundamental para el bienestar de la poblaci\u00f3n.<br \/><br \/>Adem\u00e1s, el ingeniero resalt\u00f3 que, en este momento, el presidente Luis Abinader cuenta con una mayor credibilidad ante la ciudadan\u00eda. Esto, seg\u00fan \u00e9l, se debe a que ha logrado desarmar las cr\u00edticas de la oposici\u00f3n, que insinuaban que el mandatario ten\u00eda un as bajo la manga en su estrategia pol\u00edtica.<br \/><br \/>Hern\u00e1ndez Alberto hizo hincapi\u00e9 en que el pa\u00eds fue testigo de una reforma constitucional significativa, que incluy\u00f3 la implementaci\u00f3n de un candado que limita el ejercicio de la presidencia a solo dos per\u00edodos. Esta medida, afirm\u00f3, representa un verdadero avance en la institucionalidad del pa\u00eds y en la lucha contra la reelecci\u00f3n indefinida.<br \/><br \/>El ingeniero tambi\u00e9n destac\u00f3 la necesidad de que todos los sectores de la sociedad se involucren en el proceso de discusi\u00f3n de la reforma fiscal, asegurando que es un elemento clave para el desarrollo sostenible del pa\u00eds. La participaci\u00f3n ciudadana, agreg\u00f3, es esencial para garantizar que las decisiones tomadas sean las m\u00e1s adecuadas para el bienestar colectivo.<br \/><br \/>Finalmente, Hern\u00e1ndez Alberto inst\u00f3 a la poblaci\u00f3n a mantenerse informada y participar activamente en los espacios de debate que se generen alrededor de la reforma fiscal. La transparencia y el di\u00e1logo son fundamentales para que esta reforma sea exitosa y beneficie a todos los dominicanos.<\/p>\r\n","protected":false},"excerpt":{"rendered":"<p>En su participaci\u00f3n en el programa matutino \u00abUna Nueva Ma\u00f1ana\u00bb, el ingeniero Tom\u00e1s Hern\u00e1ndez Alberto subray\u00f3 la relevancia de la reforma fiscal implementada por el presidente Luis Abinader. Durante su intervenci\u00f3n, Hern\u00e1ndez Alberto destac\u00f3 que esta reforma ser\u00e1 objeto de un amplio debate en vista p\u00fablica, con el objetivo de alcanzar consensos entre los diversos [&hellip;]<\/p>\n","protected":false},"author":10,"featured_media":0,"comment_status":"open","ping_status":"open","sticky":false,"template":"","format":"standard","meta":{"om_disable_all_campaigns":false,"_monsterinsights_skip_tracking":false,"_monsterinsights_sitenote_active":false,"_monsterinsights_sitenote_note":"","_monsterinsights_sitenote_category":0,"footnotes":""},"categories":[1],"tags":[163],"class_list":{"0":"post-1911","1":"post","2":"type-post","3":"status-publish","4":"format-standard","6":"category-nacionales","7":"tag-tomas-hernandez-alberto"},"aioseo_notices":[],"_links":{"self":[{"href":"https:\/\/periodicolarepublica.com\/index.php\/wp-json\/wp\/v2\/posts\/1911","targetHints":{"allow":["GET"]}}],"collection":[{"href":"https:\/\/periodicolarepublica.com\/index.php\/wp-json\/wp\/v2\/posts"}],"about":[{"href":"https:\/\/periodicolarepublica.com\/index.php\/wp-json\/wp\/v2\/types\/post"}],"author":[{"embeddable":true,"href":"https:\/\/periodicolarepublica.com\/index.php\/wp-json\/wp\/v2\/users\/10"}],"replies":[{"embeddable":true,"href":"https:\/\/periodicolarepublica.com\/index.php\/wp-json\/wp\/v2\/comments?post=1911"}],"version-history":[{"count":2,"href":"https:\/\/periodicolarepublica.com\/index.php\/wp-json\/wp\/v2\/posts\/1911\/revisions"}],"predecessor-version":[{"id":1916,"href":"https:\/\/periodicolarepublica.com\/index.php\/wp-json\/wp\/v2\/posts\/1911\/revisions\/1916"}],"wp:attachment":[{"href":"https:\/\/periodicolarepublica.com\/index.php\/wp-json\/wp\/v2\/media?parent=1911"}],"wp:term":[{"taxonomy":"category","embeddable":true,"href":"https:\/\/periodicolarepublica.com\/index.php\/wp-json\/wp\/v2\/categories?post=1911"},{"taxonomy":"post_tag","embeddable":true,"href":"https:\/\/periodicolarepublica.com\/index.php\/wp-json\/wp\/v2\/tags?post=1911"}],"curies":[{"name":"wp","href":"https:\/\/api.w.org\/{rel}","templated":true}]}}