{"id":1914,"date":"2024-10-18T17:15:47","date_gmt":"2024-10-18T15:15:47","guid":{"rendered":"https:\/\/periodicolarepublica.com\/?p=1914"},"modified":"2024-10-18T22:08:12","modified_gmt":"2024-10-18T20:08:12","slug":"dr-victor-atallah-es-prioridad-fortalecer-los-servicios-oncologicos-y-promover-politicas-publicas-contra-el-cancer-de-mama","status":"publish","type":"post","link":"https:\/\/periodicolarepublica.com\/index.php\/2024\/10\/18\/dr-victor-atallah-es-prioridad-fortalecer-los-servicios-oncologicos-y-promover-politicas-publicas-contra-el-cancer-de-mama\/","title":{"rendered":"Dr. Victor Atallah: \u00abEs prioridad  fortalecer los servicios oncol\u00f3gicos y promover pol\u00edticas p\u00fablicas contra el c\u00e1ncer de mama\u00bb"},"content":{"rendered":"\r\n<p><img loading=\"lazy\" decoding=\"async\" class=\"size-medium wp-image-1929 alignright\" src=\"https:\/\/periodicolarepublica.com\/wp-content\/uploads\/2024\/10\/IMG-20241018-WA0065-300x200.jpg\" alt=\"\" width=\"300\" height=\"200\" \/>*El ministro exhorta a las mujeres a ser proactivas en su salud y afirm\u00f3 que reducir la incidencia y fortalecer la investigaci\u00f3n son factores de alta prioridad*.<br \/><br \/>*Santo Domingo*. &#8211; El ministro de Salud P\u00fablica, V\u00edctor Atallah resalt\u00f3 este jueves que desde el Ministerio de Salud se fortalecen acciones para facilitar el acceso a servicios de diagn\u00f3sticos oportuno para la detecci\u00f3n de c\u00e1ncer de mama, as\u00ed como a los tratamientos necesarios a fin de contribuir a que las mujeres puedan superar la enfermedad.<br \/><br \/>Resalt\u00f3 la importancia de que la sociedad, y principalmente las mujeres se involucren y conozcan el tema de c\u00e1ncer, para que puedan prevenir la enfermedad.<br \/><br \/>\u00abEstamos trabajando incansablemente para asegurar que cada mujer, sin importar su situaci\u00f3n econ\u00f3mica o ubicaci\u00f3n geogr\u00e1fica, tenga acceso a los servicios de diagn\u00f3stico y tratamiento que necesita. Es fundamental que los servicios de mamograf\u00eda, ultrasonidos y biopsias est\u00e9n disponibles y accesibles en cada rinc\u00f3n de nuestro pa\u00eds\u00bb, manifest\u00f3 el doctor Atallah.<br \/><br \/>El titular de Salud llam\u00f3 a las mujeres a ser proactivas con su salud y no solo ejercer su papel de cuidadoras, sino tambi\u00e9n cuidarse a ellas mismas.<br \/><br \/>\u00abNo se detecta temprano lo que no se conoce, hay que trabajar en la prevenci\u00f3n, en saber qu\u00e9 es el c\u00e1ncer de mama y c\u00f3mo puede manifestarse, esto es parte de la prevenci\u00f3n, pero la comunidad y las mujeres deben ser parte, examinarse, conocer los factores de riesgo para evitar complicaciones por la enfermedad\u00bb, precis\u00f3.<br \/><br \/>Agreg\u00f3 que fortalecer la investigaci\u00f3n, mejorar los servicios oncol\u00f3gicos y promover pol\u00edticas p\u00fablicas que prioricen la lucha contra el c\u00e1ncer de mama, son tambi\u00e9n de gran prioridad para esa entidad p\u00fablica de Salud. Reafirm\u00f3 su compromiso para crear un futuro donde esa enfermedad deje de ser una amenaza para las mujeres y sus familias.<br \/><br \/>De su lado, la representante en el pa\u00eds de la Organizaci\u00f3n Panamericana de la Salud (OPS\/OMS), Alba Mar\u00eda Ropero, expres\u00f3 que en Las Am\u00e9ricas cada a\u00f1o se diagnostican aproximadamente 491 mil mujeres de c\u00e1ncer de mama y aproximadamente 106,391 de ellas mueren, estim\u00e1ndose un aumento de los casos en los pr\u00f3ximos a\u00f1os.<br \/><br \/>Por esta raz\u00f3n destac\u00f3 la importancia de la prevenci\u00f3n y detecci\u00f3n temprana de la enfermedad.<br \/><br \/>Mientras que Jeannie Ferrera, representante del Fondo de Poblaci\u00f3n de las Naciones Unidas, dijo que el c\u00e1ncer de mama es una enfermedad prevenible, al tiempo que valor\u00f3 y felicit\u00f3 los esfuerzos del Ministerio de Salud P\u00fablica, el Servicio Nacional de Salud (SNS) y la Primera Dama de la Rep\u00fablica, por incrementar la cobertura en la detecci\u00f3n a trav\u00e9s de la apertura de servicios de mamograf\u00eda, que permite la detecci\u00f3n temprana en la poblaci\u00f3n y disminuci\u00f3n de muertes. <br \/><br \/>Las autoridades se expresaron en estos t\u00e9rminos al participar del acto de conmemoraci\u00f3n del \u00abD\u00eda Internacional de lucha contra el C\u00e1ncer de Mama\u00bb que se conmemora cada 19 de octubre con el objetivo de crear conciencia y promover que cada vez m\u00e1s mujeres accedan a controles, diagn\u00f3sticos y tratamientos oportunos y efectivos.<br \/><br \/>Al culminar el acto formal se imparti\u00f3 una charla de prevenci\u00f3n de c\u00e1ncer de mama, por la doctora Sabrina Marte, ginec\u00f3loga obstetra onc\u00f3loga, donde participaron empleados, encargados departamentales entre otros invitados.<br \/><br \/>Los especialistas coincidieron que el c\u00e1ncer de mama no es una sentencia definitiva, los avances en tratamientos est\u00e1n salvando vidas, por eso llaman a las mujeres a autoexaminarse y acudir de manera regular a su m\u00e9dico especialista para prevenir esta y otras enfermedades que tienen cura de detectarse a tiempo.<\/p>\r\n","protected":false},"excerpt":{"rendered":"<p>*El ministro exhorta a las mujeres a ser proactivas en su salud y afirm\u00f3 que reducir la incidencia y fortalecer la investigaci\u00f3n son factores de alta prioridad*. *Santo Domingo*. &#8211; El ministro de Salud P\u00fablica, V\u00edctor Atallah resalt\u00f3 este jueves que desde el Ministerio de Salud se fortalecen acciones para facilitar el acceso a servicios [&hellip;]<\/p>\n","protected":false},"author":10,"featured_media":0,"comment_status":"open","ping_status":"open","sticky":false,"template":"","format":"standard","meta":{"om_disable_all_campaigns":false,"_monsterinsights_skip_tracking":false,"_monsterinsights_sitenote_active":false,"_monsterinsights_sitenote_note":"","_monsterinsights_sitenote_category":0,"footnotes":""},"categories":[1],"tags":[159],"class_list":{"0":"post-1914","1":"post","2":"type-post","3":"status-publish","4":"format-standard","6":"category-nacionales","7":"tag-ministro-de-salud-publica-victor-atallah"},"aioseo_notices":[],"_links":{"self":[{"href":"https:\/\/periodicolarepublica.com\/index.php\/wp-json\/wp\/v2\/posts\/1914","targetHints":{"allow":["GET"]}}],"collection":[{"href":"https:\/\/periodicolarepublica.com\/index.php\/wp-json\/wp\/v2\/posts"}],"about":[{"href":"https:\/\/periodicolarepublica.com\/index.php\/wp-json\/wp\/v2\/types\/post"}],"author":[{"embeddable":true,"href":"https:\/\/periodicolarepublica.com\/index.php\/wp-json\/wp\/v2\/users\/10"}],"replies":[{"embeddable":true,"href":"https:\/\/periodicolarepublica.com\/index.php\/wp-json\/wp\/v2\/comments?post=1914"}],"version-history":[{"count":5,"href":"https:\/\/periodicolarepublica.com\/index.php\/wp-json\/wp\/v2\/posts\/1914\/revisions"}],"predecessor-version":[{"id":1936,"href":"https:\/\/periodicolarepublica.com\/index.php\/wp-json\/wp\/v2\/posts\/1914\/revisions\/1936"}],"wp:attachment":[{"href":"https:\/\/periodicolarepublica.com\/index.php\/wp-json\/wp\/v2\/media?parent=1914"}],"wp:term":[{"taxonomy":"category","embeddable":true,"href":"https:\/\/periodicolarepublica.com\/index.php\/wp-json\/wp\/v2\/categories?post=1914"},{"taxonomy":"post_tag","embeddable":true,"href":"https:\/\/periodicolarepublica.com\/index.php\/wp-json\/wp\/v2\/tags?post=1914"}],"curies":[{"name":"wp","href":"https:\/\/api.w.org\/{rel}","templated":true}]}}