{"id":1917,"date":"2024-10-17T18:45:45","date_gmt":"2024-10-17T16:45:45","guid":{"rendered":"https:\/\/periodicolarepublica.com\/?p=1917"},"modified":"2024-10-17T18:45:45","modified_gmt":"2024-10-17T16:45:45","slug":"santo-domingo-este-firma-acuerdos-con-la-ciudad-de-seul","status":"publish","type":"post","link":"https:\/\/periodicolarepublica.com\/index.php\/2024\/10\/17\/santo-domingo-este-firma-acuerdos-con-la-ciudad-de-seul\/","title":{"rendered":"Santo Domingo Este firma acuerdos con la ciudad de Se\u00fal\u00a0"},"content":{"rendered":"<p>\u201cEstos dos acuerdos forman parte de las colaboraciones internacionales que realiza la alcald\u00eda para mejorar el transporte en el municipio\u201d<\/p>\n<p><img loading=\"lazy\" decoding=\"async\" class=\"alignnone size-medium wp-image-1919\" src=\"https:\/\/periodicolarepublica.com\/wp-content\/uploads\/2024\/10\/IMG-20241017-WA0025-300x273.jpg\" alt=\"\" width=\"300\" height=\"273\" \/><\/p>\n<p>Se\u00fal, Corea del Sur. \u2013 El alcalde de Santo Domingo Este, D\u00edo Astacio, particip\u00f3 esta semana en la prestigiosa feria internacional Smart Life Week, celebrada en Corea del Sur. Durante su intervenci\u00f3n, Astacio subray\u00f3 los avances logrados en su gesti\u00f3n, destacando la importancia de la colaboraci\u00f3n, el respeto y la innovaci\u00f3n en el desarrollo urbano.<\/p>\n<p>&nbsp;<\/p>\n<p>Uno de los momentos claves de la visita fue la firma de acuerdos de entendimiento entre el Gobierno Metropolitano de Se\u00fal y el municipio de Santo Domingo Este. Este acuerdo, firmado por el alcalde Astacio y el vicealcalde de Se\u00fal, Kim Sanghan, tiene como objetivo establecer una base de cooperaci\u00f3n en proyectos innovadores relacionados con el transporte.<\/p>\n<p>&nbsp;<\/p>\n<p>El acuerdo, busca mejorar la movilidad urbana mediante la implementaci\u00f3n de un sistema de transporte p\u00fablico m\u00e1s eficiente, sostenible y accesible. Destacando la colaboraci\u00f3n entre ambas ciudades en \u00e1reas estrat\u00e9gicas, como el Sistema de Gesti\u00f3n de Autobus y el Sistemas de Informaci\u00f3n de Autobus. Las partes tambi\u00e9n acordaron explorar nuevas tecnolog\u00edas y compartir experiencias que contribuyan a la modernizaci\u00f3n del transporte p\u00fablico, uno de los pilares de la administraci\u00f3n de Astacio.<\/p>\n<p>&nbsp;<\/p>\n<p>D\u00edo Astacio, alcalde de Santo Domingo Este, destac\u00f3 la importancia de esta alianza internacional.<\/p>\n<p>&nbsp;<\/p>\n<p>\u201cEste acuerdo no solo fortalece los lazos entre Santo Domingo Este y Se\u00fal, sino que tambi\u00e9n nos permitir\u00e1 avanzar hacia una movilidad urbana m\u00e1s eficiente, beneficiando directamente a nuestros ciudadanos y promoviendo un desarrollo sostenible para nuestra ciudad\u201d.<\/p>\n<p>&nbsp;<\/p>\n<p>Por su parte, el vicealcalde de Se\u00fal, Kim Sanghan, se\u00f1al\u00f3 que \u201cla cooperaci\u00f3n internacional es clave para enfrentar los desaf\u00edos urbanos de la actualidad. Estamos emocionados de compartir nuestras tecnolog\u00edas y conocimientos con Santo Domingo Este, y de trabajar juntos en proyectos que transformen el transporte p\u00fablico y mejoren la calidad de vida de las personas\u201d.<\/p>\n<p>En cuanto a la movilidad urbana, el alcalde resalt\u00f3 el retiro de chatarras de espacios p\u00fablicos y el impulso a proyectos habitacionales y tur\u00edsticos que est\u00e1n transformando Santo Domingo Este. as\u00ed como, los avances logrados en colaboraci\u00f3n con el Instituto Nacional de Tr\u00e1nsito y Transporte Terrestre (INTRANT) y los transportistas locales, con miras a modernizar el sistema de transporte y mejorar la conectividad de la ciudad.<\/p>\n<p>\u201cEl verdadero progreso radica en el respeto hacia las personas\u201d, concluy\u00f3 Astacio, destacando que aunque qued\u00f3 impresionado por los avances tecnol\u00f3gicos de Corea del Sur, su visi\u00f3n para Santo Domingo Este se centra en la dignidad y el bienestar de sus habitantes.<\/p>\n<p>&nbsp;<\/p>\n<p>El alcalde, Dio Astacio, agradeci\u00f3 el apoyo y coordinaci\u00f3n de el embajador dominicano en Korea del Sur, Federico Cuello y su distinguida esposa Natalia de Cuello por la distinci\u00f3n brindada durante su estad\u00eda.<\/p>\n<p>Esta vista del alcalde a Se\u00fal refuerza las relaciones bilaterales y abre nuevas oportunidades para que Santo Domingo Este siga avanzando en la implementaci\u00f3n de soluciones inteligentes y sostenibles para sus ciudadanos.<\/p>\n","protected":false},"excerpt":{"rendered":"<p>\u201cEstos dos acuerdos forman parte de las colaboraciones internacionales que realiza la alcald\u00eda para mejorar el transporte en el municipio\u201d Se\u00fal, Corea del Sur. \u2013 El alcalde de Santo Domingo Este, D\u00edo Astacio, particip\u00f3 esta semana en la prestigiosa feria internacional Smart Life Week, celebrada en Corea del Sur. Durante su intervenci\u00f3n, Astacio subray\u00f3 los [&hellip;]<\/p>\n","protected":false},"author":6,"featured_media":0,"comment_status":"open","ping_status":"open","sticky":false,"template":"","format":"standard","meta":{"om_disable_all_campaigns":false,"_monsterinsights_skip_tracking":false,"_monsterinsights_sitenote_active":false,"_monsterinsights_sitenote_note":"","_monsterinsights_sitenote_category":0,"footnotes":""},"categories":[1],"tags":[],"class_list":{"0":"post-1917","1":"post","2":"type-post","3":"status-publish","4":"format-standard","6":"category-nacionales"},"aioseo_notices":[],"_links":{"self":[{"href":"https:\/\/periodicolarepublica.com\/index.php\/wp-json\/wp\/v2\/posts\/1917","targetHints":{"allow":["GET"]}}],"collection":[{"href":"https:\/\/periodicolarepublica.com\/index.php\/wp-json\/wp\/v2\/posts"}],"about":[{"href":"https:\/\/periodicolarepublica.com\/index.php\/wp-json\/wp\/v2\/types\/post"}],"author":[{"embeddable":true,"href":"https:\/\/periodicolarepublica.com\/index.php\/wp-json\/wp\/v2\/users\/6"}],"replies":[{"embeddable":true,"href":"https:\/\/periodicolarepublica.com\/index.php\/wp-json\/wp\/v2\/comments?post=1917"}],"version-history":[{"count":1,"href":"https:\/\/periodicolarepublica.com\/index.php\/wp-json\/wp\/v2\/posts\/1917\/revisions"}],"predecessor-version":[{"id":1920,"href":"https:\/\/periodicolarepublica.com\/index.php\/wp-json\/wp\/v2\/posts\/1917\/revisions\/1920"}],"wp:attachment":[{"href":"https:\/\/periodicolarepublica.com\/index.php\/wp-json\/wp\/v2\/media?parent=1917"}],"wp:term":[{"taxonomy":"category","embeddable":true,"href":"https:\/\/periodicolarepublica.com\/index.php\/wp-json\/wp\/v2\/categories?post=1917"},{"taxonomy":"post_tag","embeddable":true,"href":"https:\/\/periodicolarepublica.com\/index.php\/wp-json\/wp\/v2\/tags?post=1917"}],"curies":[{"name":"wp","href":"https:\/\/api.w.org\/{rel}","templated":true}]}}