{"id":1923,"date":"2024-10-18T15:16:59","date_gmt":"2024-10-18T13:16:59","guid":{"rendered":"https:\/\/periodicolarepublica.com\/?p=1923"},"modified":"2024-10-18T15:16:59","modified_gmt":"2024-10-18T13:16:59","slug":"destacan-la-firmeza-del-presidente-y-su-capacidad-de-crear-confianza","status":"publish","type":"post","link":"https:\/\/periodicolarepublica.com\/index.php\/2024\/10\/18\/destacan-la-firmeza-del-presidente-y-su-capacidad-de-crear-confianza\/","title":{"rendered":"Destacan la firmeza del presidente y su capacidad de crear confianza"},"content":{"rendered":"<p>SANTO DOMINGO.- El soci\u00f3logo Alejandro Abreu, en su art\u00edculo \u201cLuis Abinader liderando el futuro y los dolores del parto\u201d, afirm\u00f3 que con valent\u00eda est\u00e1 liderando el futuro de la Rep\u00fablica Dominicana y construyendo confianza en medio de las naturales diferencias, que en su opini\u00f3n es \u201cla caracter\u00edstica m\u00e1s importante para la gobernabilidad y la estabilidad, por lo que la propuesta de reforma fiscal no modificar\u00e1 su orientaci\u00f3n fundamental, aunque el congreso cumpliendo con sus atribuciones realice algunas modificaciones puntuales a los temas que lo ameriten\u201d.<\/p>\n<p><img loading=\"lazy\" decoding=\"async\" class=\"alignnone size-medium wp-image-1831\" src=\"https:\/\/periodicolarepublica.com\/wp-content\/uploads\/2024\/10\/IMG_20240927_152718-300x235.jpg\" alt=\"\" width=\"300\" height=\"235\" srcset=\"https:\/\/periodicolarepublica.com\/wp-content\/uploads\/2024\/10\/IMG_20240927_152718-300x235.jpg?v=1728144199 300w, https:\/\/periodicolarepublica.com\/wp-content\/uploads\/2024\/10\/IMG_20240927_152718-768x600.jpg?v=1728144199 768w, https:\/\/periodicolarepublica.com\/wp-content\/uploads\/2024\/10\/IMG_20240927_152718-150x117.jpg?v=1728144199 150w, https:\/\/periodicolarepublica.com\/wp-content\/uploads\/2024\/10\/IMG_20240927_152718-600x469.jpg?v=1728144199 600w, https:\/\/periodicolarepublica.com\/wp-content\/uploads\/2024\/10\/IMG_20240927_152718-696x544.jpg?v=1728144199 696w, https:\/\/periodicolarepublica.com\/wp-content\/uploads\/2024\/10\/IMG_20240927_152718.jpg?v=1728144199 816w\" sizes=\"auto, (max-width: 300px) 100vw, 300px\" \/><\/p>\n<p>El Coordinador General de Mayor\u00eda Constructiva, \u201cPlataforma de Comunicaci\u00f3n y Acci\u00f3n Pol\u00edtica por el Buen Gobierno\u201d, destaca que ahora su conducci\u00f3n concertadora no ser\u00e1 diferente al cumplir con el compromiso postergado por 12 a\u00f1os, definido en el art\u00edculo 36 de la Estrategia Nacional de Desarrollo de \u201celevar la eficiencia, transparencia y equidad de la estructura tributaria\u201d, y \u201cla presi\u00f3n tributaria para viabilizar el logro de los objetivos de desarrollo sostenible\u201d.<\/p>\n<p>Para Abreu, \u201cel liderazgo del presidente saldr\u00e1 fortalecido por su capacidad para escuchar argumentos y acordar lo m\u00e1s conveniente para la estabilidad socioecon\u00f3mica y el bienestar de las futuras generaciones, buscando un equilibrio entre las necesidades del Estado y los reclamos razonables de los distintos sectores\u201d.<\/p>\n<p>En su opini\u00f3n, el objetivo del proceso de reformas en curso es reducir el d\u00e9ficit de las finanzas p\u00fablicas, la dependencia de las deudas y las trasformaciones institucionales que se requieren para hacer una realidad \u201cel estado social y democr\u00e1tico de derecho, que por d\u00e9cadas ha demandado la sociedad dominicana\u201d.<\/p>\n<p>El experimentado acad\u00e9mico considera, que la reforma fiscal tiene la firme convicci\u00f3n de impulsar que el sector Industrial, Tur\u00edstico y de Zona Franca \u201csean m\u00e1s productivos, eficientes, competitivos y que se ponga por fin los pantalones largos\u201d, lo que ha provocado que sus representantes admitieran en las vistas p\u00fablicas en la C\u00e1mara de Diputados, la necesidad de ponerle fin a los subsidios y las exenciones de \u201cmanera gradual\u201d, lo que sin duda es un paso en la direcci\u00f3n correcta.<\/p>\n<p>Agreg\u00f3, que \u201cla buena gobernabilidad, la regulaci\u00f3n p\u00fablica y la competitividad son condiciones claves para que la econom\u00eda y la administraci\u00f3n p\u00fablica entren en un nuevo nivel de eficiencia y eficacia, para lograrlo el jefe del poder ejecutivo est\u00e1 dispuesto, a cualquier ajuste en la reforma propuesta que no signifique abandonar el camino elegido de terminar con la evasi\u00f3n y la irresponsabilidad fiscal\u201d, ya que el presidente \u201cest\u00e1 consciente de su responsabilidad hist\u00f3rica, de la gravedad de la situaci\u00f3n fiscal y de sus consecuencias, por eso decidi\u00f3 no dejar este desaf\u00edo a su sucesor, sino asumirlo de frente y con la misma valent\u00eda con que enfrento la grave amenaza del COVID y la crisis inflacionaria internacional\u201d.<\/p>\n<p>El tambi\u00e9n activista social precis\u00f3, que lo m\u00e1s relevante de una reforma fiscal es la calidad del gasto p\u00fablico y si los recursos van a las manos de las madres solteras, las familias de los sectores populares y los j\u00f3venes emprendedores, como \u201clo viene haciendo el programa del transporte escolar TRAE, el programa 14-24, la renovaci\u00f3n y construcci\u00f3n de acueductos locales, la ampliaci\u00f3n de los programas de ayudas sociales y del transporte masivo\u201d.<\/p>\n<p>Concluy\u00f3, que el presidente Luis Abinader cuenta con la confianza de la mayor\u00eda constructiva de los dominicanos, entre ellos \u201clos empresarios que no dependen de la renta p\u00fablica, como lo evidencia el aumento de la inversi\u00f3n privada nacional y extranjera\u201d.<\/p>\n<p>\u201cLa tendencia general de la comunicaci\u00f3n moderna no es aprehensi\u00f3n de conceptos, sino participaci\u00f3n en un proceso\u201d (Marshall MacLuhan).<\/p>\n<p>&nbsp;<\/p>\n<p>&nbsp;<\/p>\n<p>&nbsp;<\/p>\n<p>*18 de octubre del 2024, Santo Domingo*, R.D<\/p>\n","protected":false},"excerpt":{"rendered":"<p>SANTO DOMINGO.- El soci\u00f3logo Alejandro Abreu, en su art\u00edculo \u201cLuis Abinader liderando el futuro y los dolores del parto\u201d, afirm\u00f3 que con valent\u00eda est\u00e1 liderando el futuro de la Rep\u00fablica Dominicana y construyendo confianza en medio de las naturales diferencias, que en su opini\u00f3n es \u201cla caracter\u00edstica m\u00e1s importante para la gobernabilidad y la estabilidad, [&hellip;]<\/p>\n","protected":false},"author":6,"featured_media":1831,"comment_status":"open","ping_status":"open","sticky":false,"template":"","format":"standard","meta":{"om_disable_all_campaigns":false,"_monsterinsights_skip_tracking":false,"_monsterinsights_sitenote_active":false,"_monsterinsights_sitenote_note":"","_monsterinsights_sitenote_category":0,"footnotes":""},"categories":[1],"tags":[],"class_list":{"0":"post-1923","1":"post","2":"type-post","3":"status-publish","4":"format-standard","5":"has-post-thumbnail","7":"category-nacionales"},"aioseo_notices":[],"_links":{"self":[{"href":"https:\/\/periodicolarepublica.com\/index.php\/wp-json\/wp\/v2\/posts\/1923","targetHints":{"allow":["GET"]}}],"collection":[{"href":"https:\/\/periodicolarepublica.com\/index.php\/wp-json\/wp\/v2\/posts"}],"about":[{"href":"https:\/\/periodicolarepublica.com\/index.php\/wp-json\/wp\/v2\/types\/post"}],"author":[{"embeddable":true,"href":"https:\/\/periodicolarepublica.com\/index.php\/wp-json\/wp\/v2\/users\/6"}],"replies":[{"embeddable":true,"href":"https:\/\/periodicolarepublica.com\/index.php\/wp-json\/wp\/v2\/comments?post=1923"}],"version-history":[{"count":1,"href":"https:\/\/periodicolarepublica.com\/index.php\/wp-json\/wp\/v2\/posts\/1923\/revisions"}],"predecessor-version":[{"id":1924,"href":"https:\/\/periodicolarepublica.com\/index.php\/wp-json\/wp\/v2\/posts\/1923\/revisions\/1924"}],"wp:featuredmedia":[{"embeddable":true,"href":"https:\/\/periodicolarepublica.com\/index.php\/wp-json\/wp\/v2\/media\/1831"}],"wp:attachment":[{"href":"https:\/\/periodicolarepublica.com\/index.php\/wp-json\/wp\/v2\/media?parent=1923"}],"wp:term":[{"taxonomy":"category","embeddable":true,"href":"https:\/\/periodicolarepublica.com\/index.php\/wp-json\/wp\/v2\/categories?post=1923"},{"taxonomy":"post_tag","embeddable":true,"href":"https:\/\/periodicolarepublica.com\/index.php\/wp-json\/wp\/v2\/tags?post=1923"}],"curies":[{"name":"wp","href":"https:\/\/api.w.org\/{rel}","templated":true}]}}