{"id":1928,"date":"2024-10-20T01:28:43","date_gmt":"2024-10-19T23:28:43","guid":{"rendered":"https:\/\/periodicolarepublica.com\/?p=1928"},"modified":"2024-10-20T01:28:43","modified_gmt":"2024-10-19T23:28:43","slug":"dr-victor-atallah-felicita-al-presidente-luis-abinader-por-la-retirada-del-proyecto-de-ley-de-modernizacion-fiscal","status":"publish","type":"post","link":"https:\/\/periodicolarepublica.com\/index.php\/2024\/10\/20\/dr-victor-atallah-felicita-al-presidente-luis-abinader-por-la-retirada-del-proyecto-de-ley-de-modernizacion-fiscal\/","title":{"rendered":"Dr. V\u00edctor Atallah, Felicita al Presidente Luis Abinader por la Retirada del Proyecto de Ley de Modernizaci\u00f3n Fiscal"},"content":{"rendered":"\r\n<p><img loading=\"lazy\" decoding=\"async\" class=\"size-medium wp-image-1945 alignright\" src=\"https:\/\/periodicolarepublica.com\/wp-content\/uploads\/2024\/10\/IMG-20241016-WA0062-211x300.jpg\" alt=\"\" width=\"211\" height=\"300\" srcset=\"https:\/\/periodicolarepublica.com\/wp-content\/uploads\/2024\/10\/IMG-20241016-WA0062-211x300.jpg?v=1729380478 211w, https:\/\/periodicolarepublica.com\/wp-content\/uploads\/2024\/10\/IMG-20241016-WA0062-720x1024.jpg?v=1729380478 720w, https:\/\/periodicolarepublica.com\/wp-content\/uploads\/2024\/10\/IMG-20241016-WA0062-768x1092.jpg?v=1729380478 768w, https:\/\/periodicolarepublica.com\/wp-content\/uploads\/2024\/10\/IMG-20241016-WA0062-1080x1536.jpg?v=1729380478 1080w, https:\/\/periodicolarepublica.com\/wp-content\/uploads\/2024\/10\/IMG-20241016-WA0062-150x213.jpg?v=1729380478 150w, https:\/\/periodicolarepublica.com\/wp-content\/uploads\/2024\/10\/IMG-20241016-WA0062-300x427.jpg?v=1729380478 300w, https:\/\/periodicolarepublica.com\/wp-content\/uploads\/2024\/10\/IMG-20241016-WA0062-600x853.jpg?v=1729380478 600w, https:\/\/periodicolarepublica.com\/wp-content\/uploads\/2024\/10\/IMG-20241016-WA0062-696x990.jpg?v=1729380478 696w, https:\/\/periodicolarepublica.com\/wp-content\/uploads\/2024\/10\/IMG-20241016-WA0062-1068x1519.jpg?v=1729380478 1068w, https:\/\/periodicolarepublica.com\/wp-content\/uploads\/2024\/10\/IMG-20241016-WA0062.jpg?v=1729380478 1125w\" sizes=\"auto, (max-width: 211px) 100vw, 211px\" \/>Santo Domingo \u2014 En una muestra de compromiso con el bienestar del pueblo dominicano, el Ministro de Salud P\u00fablica, Dr. V\u00edctor Atallah, expres\u00f3 su apoyo a la reciente decisi\u00f3n del presidente Luis Abinader de retirar el proyecto de ley de modernizaci\u00f3n fiscal. Esta acci\u00f3n refleja la sensibilidad del mandatario hacia las inquietudes de los ciudadanos y su disposici\u00f3n a priorizar sus necesidades.<br \/><br \/>El Dr. Atallah destac\u00f3 que la retirada del proyecto es un claro indicativo de que el presidente Abinader tiene el coraz\u00f3n en su pueblo. \u00abEl presidente ha demostrado que escucha a su gente y toma decisiones en funci\u00f3n del bienestar colectivo. Esta es una muestra de liderazgo responsable\u00bb, afirm\u00f3.<br \/><br \/>Asimismo, el Ministro subray\u00f3 que el di\u00e1logo y la consulta son fundamentales en la construcci\u00f3n de pol\u00edticas p\u00fablicas efectivas. \u00abEs esencial que las decisiones que afectan a nuestra econom\u00eda sean tomadas con la participaci\u00f3n activa de todos los sectores de la sociedad\u00bb, agreg\u00f3.<br \/><br \/>El Dr. Atallah tambi\u00e9n enfatiz\u00f3 la importancia de encontrar alternativas que fortalezcan la econom\u00eda sin sacrificar el bienestar de la poblaci\u00f3n. \u00abLa modernizaci\u00f3n fiscal es un tema crucial, pero debe abordarse con cautela y en un marco de consenso\u00bb, indic\u00f3.<br \/><br \/>Adem\u00e1s, el Ministro de Salud P\u00fablica expres\u00f3 su confianza en que el gobierno continuar\u00e1 trabajando para escuchar las voces de los ciudadanos y buscar soluciones que beneficien a todos. \u00abEl presidente Abinader ha demostrado que su prioridad es el pueblo, y eso es un claro compromiso con la democracia\u00bb, destac\u00f3.<br \/><br \/>Por \u00faltimo, el Dr. Atallah hizo un llamado a la unidad y al di\u00e1logo constructivo entre todos los sectores pol\u00edticos y sociales. \u00abSolo a trav\u00e9s del entendimiento y la colaboraci\u00f3n podremos enfrentar los desaf\u00edos que se nos presentan como naci\u00f3n\u00bb, concluy\u00f3.<br \/><br \/>El Ministerio de Salud P\u00fablica reafirma su compromiso de seguir trabajando por el bienestar de la poblaci\u00f3n y de apoyar decisiones que promuevan el desarrollo sostenible del pa\u00eds.<\/p>\r\n","protected":false},"excerpt":{"rendered":"<p>Santo Domingo \u2014 En una muestra de compromiso con el bienestar del pueblo dominicano, el Ministro de Salud P\u00fablica, Dr. V\u00edctor Atallah, expres\u00f3 su apoyo a la reciente decisi\u00f3n del presidente Luis Abinader de retirar el proyecto de ley de modernizaci\u00f3n fiscal. Esta acci\u00f3n refleja la sensibilidad del mandatario hacia las inquietudes de los ciudadanos [&hellip;]<\/p>\n","protected":false},"author":10,"featured_media":1945,"comment_status":"open","ping_status":"open","sticky":false,"template":"","format":"standard","meta":{"om_disable_all_campaigns":false,"_monsterinsights_skip_tracking":false,"_monsterinsights_sitenote_active":false,"_monsterinsights_sitenote_note":"","_monsterinsights_sitenote_category":0,"footnotes":""},"categories":[1],"tags":[161],"class_list":{"0":"post-1928","1":"post","2":"type-post","3":"status-publish","4":"format-standard","5":"has-post-thumbnail","7":"category-nacionales","8":"tag-victor-atallah"},"aioseo_notices":[],"_links":{"self":[{"href":"https:\/\/periodicolarepublica.com\/index.php\/wp-json\/wp\/v2\/posts\/1928","targetHints":{"allow":["GET"]}}],"collection":[{"href":"https:\/\/periodicolarepublica.com\/index.php\/wp-json\/wp\/v2\/posts"}],"about":[{"href":"https:\/\/periodicolarepublica.com\/index.php\/wp-json\/wp\/v2\/types\/post"}],"author":[{"embeddable":true,"href":"https:\/\/periodicolarepublica.com\/index.php\/wp-json\/wp\/v2\/users\/10"}],"replies":[{"embeddable":true,"href":"https:\/\/periodicolarepublica.com\/index.php\/wp-json\/wp\/v2\/comments?post=1928"}],"version-history":[{"count":2,"href":"https:\/\/periodicolarepublica.com\/index.php\/wp-json\/wp\/v2\/posts\/1928\/revisions"}],"predecessor-version":[{"id":1946,"href":"https:\/\/periodicolarepublica.com\/index.php\/wp-json\/wp\/v2\/posts\/1928\/revisions\/1946"}],"wp:featuredmedia":[{"embeddable":true,"href":"https:\/\/periodicolarepublica.com\/index.php\/wp-json\/wp\/v2\/media\/1945"}],"wp:attachment":[{"href":"https:\/\/periodicolarepublica.com\/index.php\/wp-json\/wp\/v2\/media?parent=1928"}],"wp:term":[{"taxonomy":"category","embeddable":true,"href":"https:\/\/periodicolarepublica.com\/index.php\/wp-json\/wp\/v2\/categories?post=1928"},{"taxonomy":"post_tag","embeddable":true,"href":"https:\/\/periodicolarepublica.com\/index.php\/wp-json\/wp\/v2\/tags?post=1928"}],"curies":[{"name":"wp","href":"https:\/\/api.w.org\/{rel}","templated":true}]}}