{"id":1931,"date":"2024-10-18T21:29:11","date_gmt":"2024-10-18T19:29:11","guid":{"rendered":"https:\/\/periodicolarepublica.com\/?p=1931"},"modified":"2024-10-18T22:48:31","modified_gmt":"2024-10-18T20:48:31","slug":"raquel-pena-entrega-403-viviendas-en-sde-y-reafirma-compromiso-con-familias-dominicanas","status":"publish","type":"post","link":"https:\/\/periodicolarepublica.com\/index.php\/2024\/10\/18\/raquel-pena-entrega-403-viviendas-en-sde-y-reafirma-compromiso-con-familias-dominicanas\/","title":{"rendered":"Raquel Pe\u00f1a entrega 403 viviendas en SDE y reafirma compromiso con familias dominicanas"},"content":{"rendered":"<p>Santo Domingo Este, RD. \u2013 Unas 403 familias del municipio Santo Domingo Este (SDE) recibieron este viernes las llaves que abrir\u00e1n las puestas de sus nuevos hogares, en un acto que encabez\u00f3 la vicepresidenta de la Rep\u00fablica, Raquel Pe\u00f1a.<\/p>\n<p><img loading=\"lazy\" decoding=\"async\" class=\"alignnone size-medium wp-image-1932\" src=\"https:\/\/periodicolarepublica.com\/wp-content\/uploads\/2024\/10\/IMG-20241018-WA0033-300x200.jpg\" alt=\"\" width=\"300\" height=\"200\" srcset=\"https:\/\/periodicolarepublica.com\/wp-content\/uploads\/2024\/10\/IMG-20241018-WA0033-300x200.jpg?v=1729279674 300w, https:\/\/periodicolarepublica.com\/wp-content\/uploads\/2024\/10\/IMG-20241018-WA0033-1024x683.jpg?v=1729279674 1024w, https:\/\/periodicolarepublica.com\/wp-content\/uploads\/2024\/10\/IMG-20241018-WA0033-768x512.jpg?v=1729279674 768w, https:\/\/periodicolarepublica.com\/wp-content\/uploads\/2024\/10\/IMG-20241018-WA0033-150x100.jpg?v=1729279674 150w, https:\/\/periodicolarepublica.com\/wp-content\/uploads\/2024\/10\/IMG-20241018-WA0033-600x400.jpg?v=1729279674 600w, https:\/\/periodicolarepublica.com\/wp-content\/uploads\/2024\/10\/IMG-20241018-WA0033-696x464.jpg?v=1729279674 696w, https:\/\/periodicolarepublica.com\/wp-content\/uploads\/2024\/10\/IMG-20241018-WA0033-1068x713.jpg?v=1729279674 1068w, https:\/\/periodicolarepublica.com\/wp-content\/uploads\/2024\/10\/IMG-20241018-WA0033.jpg?v=1729279674 1280w\" sizes=\"auto, (max-width: 300px) 100vw, 300px\" \/><\/p>\n<p>Los beneficiarios del residencial Ciudad Real San Luis se sumar\u00e1n a las m\u00e1s de 7,370 familias que ya han adquirido sus viviendas en el marco del Plan Nacional de Vivienda Familia Feliz, una iniciativa del gobierno del presidente Luis Abinader para que cada dominicano y dominicana tenga un techo digno y propio.<\/p>\n<p>Precisamente, para la vicepresidenta Raquel Pe\u00f1a la garant\u00eda de una propiedad es un elemento que genera estabilidad emocional, da seguridad y ofrece el espacio para que cada miembro de la familia pueda desarrollarse y prosperar.<\/p>\n<p>\u201cTener una vivienda propia es la base sobre la cual se construyen sue\u00f1os, se fortalecen familias y se asegura un futuro lleno de oportunidades para nuestros hijos\u201d, sostuvo Pe\u00f1a, al tiempo que asegur\u00f3 que democratizar el acceso a la vivienda en todo el pa\u00eds ha sido el compromiso del gobierno y del presidente Abinader.<\/p>\n<p>Raquel Pe\u00f1a precis\u00f3 que a trav\u00e9s de este programa, que se desarrolla en 11 provincias y 19 municipios, se han otorgado m\u00e1s de 54 millones de pesos a trav\u00e9s del Bono Inicial Familiar y m\u00e1s de 59 millones mediante el Bono Tasa.<\/p>\n<p>El viceministro de Proyectos de Inversi\u00f3n del Ministerio de la Presidencia, Camel Curi, expres\u00f3 que se trata de un paso m\u00e1s hacia el sue\u00f1o de ofrecer hogares dignos seguros y asequibles.<\/p>\n<p>Afirm\u00f3 que este proyecto se suma a los nueve ya entregados en este municipio a trav\u00e9s del plan y en \u00e9l, el 43% de las cabezas de familias tienen menos de 35 a\u00f1os de edad por lo \u201ces la juventud pujante a la que hoy se le abre un camino a un futuro mucho m\u00e1s digno y seguro\u201d.<\/p>\n<p>El proyecto residencial Ciudad Real San Luis, ubicado en la comunidad del mismo nombre, consta de m\u00e1s de 1,100 apartamentos de los cuales se est\u00e1 entregando una primera etapa de 403.<\/p>\n<p>Cada unidad incluye tres habitaciones, un ba\u00f1o, cocina y sala. En adici\u00f3n las familias de este proyecto cuentan con parqueo, \u00e1reas verdes y de recreaci\u00f3n, espacios religiosos, entre otros.<\/p>\n","protected":false},"excerpt":{"rendered":"<p>Santo Domingo Este, RD. \u2013 Unas 403 familias del municipio Santo Domingo Este (SDE) recibieron este viernes las llaves que abrir\u00e1n las puestas de sus nuevos hogares, en un acto que encabez\u00f3 la vicepresidenta de la Rep\u00fablica, Raquel Pe\u00f1a. Los beneficiarios del residencial Ciudad Real San Luis se sumar\u00e1n a las m\u00e1s de 7,370 familias [&hellip;]<\/p>\n","protected":false},"author":6,"featured_media":1932,"comment_status":"open","ping_status":"open","sticky":false,"template":"","format":"standard","meta":{"om_disable_all_campaigns":false,"_monsterinsights_skip_tracking":false,"_monsterinsights_sitenote_active":false,"_monsterinsights_sitenote_note":"","_monsterinsights_sitenote_category":0,"footnotes":""},"categories":[1],"tags":[],"class_list":{"0":"post-1931","1":"post","2":"type-post","3":"status-publish","4":"format-standard","5":"has-post-thumbnail","7":"category-nacionales"},"aioseo_notices":[],"_links":{"self":[{"href":"https:\/\/periodicolarepublica.com\/index.php\/wp-json\/wp\/v2\/posts\/1931","targetHints":{"allow":["GET"]}}],"collection":[{"href":"https:\/\/periodicolarepublica.com\/index.php\/wp-json\/wp\/v2\/posts"}],"about":[{"href":"https:\/\/periodicolarepublica.com\/index.php\/wp-json\/wp\/v2\/types\/post"}],"author":[{"embeddable":true,"href":"https:\/\/periodicolarepublica.com\/index.php\/wp-json\/wp\/v2\/users\/6"}],"replies":[{"embeddable":true,"href":"https:\/\/periodicolarepublica.com\/index.php\/wp-json\/wp\/v2\/comments?post=1931"}],"version-history":[{"count":1,"href":"https:\/\/periodicolarepublica.com\/index.php\/wp-json\/wp\/v2\/posts\/1931\/revisions"}],"predecessor-version":[{"id":1933,"href":"https:\/\/periodicolarepublica.com\/index.php\/wp-json\/wp\/v2\/posts\/1931\/revisions\/1933"}],"wp:featuredmedia":[{"embeddable":true,"href":"https:\/\/periodicolarepublica.com\/index.php\/wp-json\/wp\/v2\/media\/1932"}],"wp:attachment":[{"href":"https:\/\/periodicolarepublica.com\/index.php\/wp-json\/wp\/v2\/media?parent=1931"}],"wp:term":[{"taxonomy":"category","embeddable":true,"href":"https:\/\/periodicolarepublica.com\/index.php\/wp-json\/wp\/v2\/categories?post=1931"},{"taxonomy":"post_tag","embeddable":true,"href":"https:\/\/periodicolarepublica.com\/index.php\/wp-json\/wp\/v2\/tags?post=1931"}],"curies":[{"name":"wp","href":"https:\/\/api.w.org\/{rel}","templated":true}]}}