{"id":1944,"date":"2024-10-20T01:50:42","date_gmt":"2024-10-19T23:50:42","guid":{"rendered":"https:\/\/periodicolarepublica.com\/?p=1944"},"modified":"2024-10-20T01:50:42","modified_gmt":"2024-10-19T23:50:42","slug":"tomas-hernandez-alberto-felicita-al-presidente-luis-abinader-por-el-retiro-del-proyecto-de-reforma-fiscal","status":"publish","type":"post","link":"https:\/\/periodicolarepublica.com\/index.php\/2024\/10\/20\/tomas-hernandez-alberto-felicita-al-presidente-luis-abinader-por-el-retiro-del-proyecto-de-reforma-fiscal\/","title":{"rendered":"Tom\u00e1s Hern\u00e1ndez Alberto Felicita al Presidente Luis Abinader por el Retiro del Proyecto de Reforma Fiscal"},"content":{"rendered":"\r\n<p><img loading=\"lazy\" decoding=\"async\" class=\"alignnone size-medium wp-image-1804\" src=\"https:\/\/periodicolarepublica.com\/wp-content\/uploads\/2024\/10\/IMG-20240525-WA0100-300x200.jpg\" alt=\"\" width=\"300\" height=\"200\" srcset=\"https:\/\/periodicolarepublica.com\/wp-content\/uploads\/2024\/10\/IMG-20240525-WA0100-300x200.jpg?v=1727804560 300w, https:\/\/periodicolarepublica.com\/wp-content\/uploads\/2024\/10\/IMG-20240525-WA0100-1024x682.jpg?v=1727804560 1024w, https:\/\/periodicolarepublica.com\/wp-content\/uploads\/2024\/10\/IMG-20240525-WA0100-768x511.jpg?v=1727804560 768w, https:\/\/periodicolarepublica.com\/wp-content\/uploads\/2024\/10\/IMG-20240525-WA0100-150x100.jpg?v=1727804560 150w, https:\/\/periodicolarepublica.com\/wp-content\/uploads\/2024\/10\/IMG-20240525-WA0100-600x399.jpg?v=1727804560 600w, https:\/\/periodicolarepublica.com\/wp-content\/uploads\/2024\/10\/IMG-20240525-WA0100-696x463.jpg?v=1727804560 696w, https:\/\/periodicolarepublica.com\/wp-content\/uploads\/2024\/10\/IMG-20240525-WA0100-1068x711.jpg?v=1727804560 1068w, https:\/\/periodicolarepublica.com\/wp-content\/uploads\/2024\/10\/IMG-20240525-WA0100.jpg?v=1727804560 1080w\" sizes=\"auto, (max-width: 300px) 100vw, 300px\" \/>Santo Domingo, \u2014 En un acto de reconocimiento y apoyo, el ingeniero Tom\u00e1s Hern\u00e1ndez Alberto ha expresado su satisfacci\u00f3n ante la decisi\u00f3n del presidente Luis Abinader de retirar el proyecto de reforma fiscal. En sus declaraciones, Hern\u00e1ndez Alberto destac\u00f3 la importancia de esta decisi\u00f3n para el bienestar del pueblo dominicano.<br \/><br \/>El ingeniero se\u00f1al\u00f3 que esta medida demuestra el compromiso del presidente Abinader con las necesidades y preocupaciones de la ciudadan\u00eda. \u00abEl presidente tiene en su coraz\u00f3n al pueblo dominicano y siempre tomar\u00e1 la mejor decisi\u00f3n para nosotros\u00bb, afirm\u00f3 Hern\u00e1ndez Alberto. Su declaraci\u00f3n resalta la sensibilidad del mandatario ante las demandas de la poblaci\u00f3n.<br \/><br \/>Hern\u00e1ndez Alberto tambi\u00e9n enfatiz\u00f3 que la reforma fiscal, en su forma original, generaba inquietud entre los sectores m\u00e1s vulnerables. \u00abEl retiro del proyecto es una se\u00f1al clara de que el gobierno est\u00e1 dispuesto a escuchar y a actuar en beneficio de todos\u00bb, a\u00f1adi\u00f3. Esta postura refuerza la idea de un liderazgo que busca el consenso y la participaci\u00f3n ciudadana.<br \/><br \/>El ingeniero hizo un llamado a la unidad y al di\u00e1logo entre todos los sectores de la sociedad. \u00abEs fundamental que sigamos trabajando juntos para construir un pa\u00eds m\u00e1s justo y equitativo\u00bb, afirm\u00f3. En este sentido, resalt\u00f3 la importancia de mantener canales de comunicaci\u00f3n abiertos entre el gobierno y los ciudadanos.<br \/><br \/>Asimismo, Hern\u00e1ndez Alberto expres\u00f3 su confianza en que el presidente Abinader continuar\u00e1 implementando pol\u00edticas que beneficien al pueblo. \u00abTenemos un presidente que escucha a su pueblo y que act\u00faa en consecuencia\u00bb, concluy\u00f3. Esta afirmaci\u00f3n refleja la esperanza de muchos dominicanos en un futuro m\u00e1s pr\u00f3spero.<br \/><br \/>El ingeniero concluy\u00f3 su mensaje reiterando su apoyo a las decisiones que priorizan el bienestar de la poblaci\u00f3n. \u00abEs un momento crucial para nuestra naci\u00f3n, y la valent\u00eda del presidente para tomar decisiones dif\u00edciles es digna de reconocimiento\u00bb, dijo.<br \/><br \/>Finalmente, Hern\u00e1ndez Alberto inst\u00f3 a todos los ciudadanos a mantenerse informados y participar activamente en los procesos democr\u00e1ticos. \u00abSolo juntos podremos enfrentar los desaf\u00edos que nos presenta el futuro\u00bb, concluy\u00f3.<\/p>\r\n","protected":false},"excerpt":{"rendered":"<p>Santo Domingo, \u2014 En un acto de reconocimiento y apoyo, el ingeniero Tom\u00e1s Hern\u00e1ndez Alberto ha expresado su satisfacci\u00f3n ante la decisi\u00f3n del presidente Luis Abinader de retirar el proyecto de reforma fiscal. En sus declaraciones, Hern\u00e1ndez Alberto destac\u00f3 la importancia de esta decisi\u00f3n para el bienestar del pueblo dominicano. El ingeniero se\u00f1al\u00f3 que esta [&hellip;]<\/p>\n","protected":false},"author":10,"featured_media":1804,"comment_status":"open","ping_status":"open","sticky":false,"template":"","format":"standard","meta":{"om_disable_all_campaigns":false,"_monsterinsights_skip_tracking":false,"_monsterinsights_sitenote_active":false,"_monsterinsights_sitenote_note":"","_monsterinsights_sitenote_category":0,"footnotes":""},"categories":[1],"tags":[163],"class_list":{"0":"post-1944","1":"post","2":"type-post","3":"status-publish","4":"format-standard","5":"has-post-thumbnail","7":"category-nacionales","8":"tag-tomas-hernandez-alberto"},"aioseo_notices":[],"_links":{"self":[{"href":"https:\/\/periodicolarepublica.com\/index.php\/wp-json\/wp\/v2\/posts\/1944","targetHints":{"allow":["GET"]}}],"collection":[{"href":"https:\/\/periodicolarepublica.com\/index.php\/wp-json\/wp\/v2\/posts"}],"about":[{"href":"https:\/\/periodicolarepublica.com\/index.php\/wp-json\/wp\/v2\/types\/post"}],"author":[{"embeddable":true,"href":"https:\/\/periodicolarepublica.com\/index.php\/wp-json\/wp\/v2\/users\/10"}],"replies":[{"embeddable":true,"href":"https:\/\/periodicolarepublica.com\/index.php\/wp-json\/wp\/v2\/comments?post=1944"}],"version-history":[{"count":2,"href":"https:\/\/periodicolarepublica.com\/index.php\/wp-json\/wp\/v2\/posts\/1944\/revisions"}],"predecessor-version":[{"id":1949,"href":"https:\/\/periodicolarepublica.com\/index.php\/wp-json\/wp\/v2\/posts\/1944\/revisions\/1949"}],"wp:featuredmedia":[{"embeddable":true,"href":"https:\/\/periodicolarepublica.com\/index.php\/wp-json\/wp\/v2\/media\/1804"}],"wp:attachment":[{"href":"https:\/\/periodicolarepublica.com\/index.php\/wp-json\/wp\/v2\/media?parent=1944"}],"wp:term":[{"taxonomy":"category","embeddable":true,"href":"https:\/\/periodicolarepublica.com\/index.php\/wp-json\/wp\/v2\/categories?post=1944"},{"taxonomy":"post_tag","embeddable":true,"href":"https:\/\/periodicolarepublica.com\/index.php\/wp-json\/wp\/v2\/tags?post=1944"}],"curies":[{"name":"wp","href":"https:\/\/api.w.org\/{rel}","templated":true}]}}