{"id":1948,"date":"2024-10-22T16:18:50","date_gmt":"2024-10-22T14:18:50","guid":{"rendered":"https:\/\/periodicolarepublica.com\/?p=1948"},"modified":"2024-10-22T16:18:50","modified_gmt":"2024-10-22T14:18:50","slug":"tomas-hernandez-alberto-apoya-decision-del-presidente-luis-abinader-sobre-la-reforma-fiscal","status":"publish","type":"post","link":"https:\/\/periodicolarepublica.com\/index.php\/2024\/10\/22\/tomas-hernandez-alberto-apoya-decision-del-presidente-luis-abinader-sobre-la-reforma-fiscal\/","title":{"rendered":"Tom\u00e1s Hern\u00e1ndez Alberto Apoya Decisi\u00f3n del Presidente Luis Abinader sobre la Reforma Fiscal"},"content":{"rendered":"\r\n<p><img loading=\"lazy\" decoding=\"async\" class=\"size-medium wp-image-1956 alignright\" src=\"https:\/\/periodicolarepublica.com\/wp-content\/uploads\/2024\/10\/IMG_20241010_113753-300x199.jpg\" alt=\"\" width=\"300\" height=\"199\" srcset=\"https:\/\/periodicolarepublica.com\/wp-content\/uploads\/2024\/10\/IMG_20241010_113753-300x199.jpg?v=1729606685 300w, https:\/\/periodicolarepublica.com\/wp-content\/uploads\/2024\/10\/IMG_20241010_113753-1024x680.jpg?v=1729606685 1024w, https:\/\/periodicolarepublica.com\/wp-content\/uploads\/2024\/10\/IMG_20241010_113753-768x510.jpg?v=1729606685 768w, https:\/\/periodicolarepublica.com\/wp-content\/uploads\/2024\/10\/IMG_20241010_113753-1536x1020.jpg?v=1729606685 1536w, https:\/\/periodicolarepublica.com\/wp-content\/uploads\/2024\/10\/IMG_20241010_113753-150x100.jpg?v=1729606685 150w, https:\/\/periodicolarepublica.com\/wp-content\/uploads\/2024\/10\/IMG_20241010_113753-600x398.jpg?v=1729606685 600w, https:\/\/periodicolarepublica.com\/wp-content\/uploads\/2024\/10\/IMG_20241010_113753-696x462.jpg?v=1729606685 696w, https:\/\/periodicolarepublica.com\/wp-content\/uploads\/2024\/10\/IMG_20241010_113753-1392x924.jpg?v=1729606685 1392w, https:\/\/periodicolarepublica.com\/wp-content\/uploads\/2024\/10\/IMG_20241010_113753-1068x709.jpg?v=1729606685 1068w, https:\/\/periodicolarepublica.com\/wp-content\/uploads\/2024\/10\/IMG_20241010_113753-1920x1275.jpg?v=1729606685 1920w, https:\/\/periodicolarepublica.com\/wp-content\/uploads\/2024\/10\/IMG_20241010_113753.jpg?v=1729606685 2048w\" sizes=\"auto, (max-width: 300px) 100vw, 300px\" \/>Santo Domingo, Rep\u00fablica Dominicana \u2013 El ingeniero Tom\u00e1s Hern\u00e1ndez Alberto expres\u00f3 su apoyo a la reciente decisi\u00f3n del presidente Luis Abinader de retirar la propuesta de Reforma Fiscal. Hern\u00e1ndez Alberto, reconocido por su defensa de la modernizaci\u00f3n fiscal, subray\u00f3 que, aunque la reforma sigue siendo una necesidad nacional, es fundamental respetar la decisi\u00f3n del primer mandatario.<br \/><br \/>\u00abSiempre hemos defendido la necesidad de esta reforma fiscal, explicando sus beneficios para el pueblo dominicano\u00bb, afirm\u00f3 Hern\u00e1ndez Alberto. \u00abSin embargo, entendemos que en este momento es importante acatar la decisi\u00f3n del presidente y buscar alternativas que favorezcan el bienestar de la poblaci\u00f3n\u00bb.<br \/><br \/>Hern\u00e1ndez Alberto enfatiz\u00f3 que la modernizaci\u00f3n fiscal es esencial para el desarrollo sostenible del pa\u00eds y la mejora de los servicios p\u00fablicos. \u00abContinuaremos trabajando en propuestas que puedan ser discutidas en el futuro, siempre con el enfoque en el beneficio del pueblo dominicano\u00bb, concluy\u00f3.<\/p>\r\n","protected":false},"excerpt":{"rendered":"<p>Santo Domingo, Rep\u00fablica Dominicana \u2013 El ingeniero Tom\u00e1s Hern\u00e1ndez Alberto expres\u00f3 su apoyo a la reciente decisi\u00f3n del presidente Luis Abinader de retirar la propuesta de Reforma Fiscal. Hern\u00e1ndez Alberto, reconocido por su defensa de la modernizaci\u00f3n fiscal, subray\u00f3 que, aunque la reforma sigue siendo una necesidad nacional, es fundamental respetar la decisi\u00f3n del primer [&hellip;]<\/p>\n","protected":false},"author":10,"featured_media":1956,"comment_status":"open","ping_status":"open","sticky":false,"template":"","format":"standard","meta":{"om_disable_all_campaigns":false,"_monsterinsights_skip_tracking":false,"_monsterinsights_sitenote_active":false,"_monsterinsights_sitenote_note":"","_monsterinsights_sitenote_category":0,"footnotes":""},"categories":[1],"tags":[163],"class_list":{"0":"post-1948","1":"post","2":"type-post","3":"status-publish","4":"format-standard","5":"has-post-thumbnail","7":"category-nacionales","8":"tag-tomas-hernandez-alberto"},"aioseo_notices":[],"_links":{"self":[{"href":"https:\/\/periodicolarepublica.com\/index.php\/wp-json\/wp\/v2\/posts\/1948","targetHints":{"allow":["GET"]}}],"collection":[{"href":"https:\/\/periodicolarepublica.com\/index.php\/wp-json\/wp\/v2\/posts"}],"about":[{"href":"https:\/\/periodicolarepublica.com\/index.php\/wp-json\/wp\/v2\/types\/post"}],"author":[{"embeddable":true,"href":"https:\/\/periodicolarepublica.com\/index.php\/wp-json\/wp\/v2\/users\/10"}],"replies":[{"embeddable":true,"href":"https:\/\/periodicolarepublica.com\/index.php\/wp-json\/wp\/v2\/comments?post=1948"}],"version-history":[{"count":2,"href":"https:\/\/periodicolarepublica.com\/index.php\/wp-json\/wp\/v2\/posts\/1948\/revisions"}],"predecessor-version":[{"id":1957,"href":"https:\/\/periodicolarepublica.com\/index.php\/wp-json\/wp\/v2\/posts\/1948\/revisions\/1957"}],"wp:featuredmedia":[{"embeddable":true,"href":"https:\/\/periodicolarepublica.com\/index.php\/wp-json\/wp\/v2\/media\/1956"}],"wp:attachment":[{"href":"https:\/\/periodicolarepublica.com\/index.php\/wp-json\/wp\/v2\/media?parent=1948"}],"wp:term":[{"taxonomy":"category","embeddable":true,"href":"https:\/\/periodicolarepublica.com\/index.php\/wp-json\/wp\/v2\/categories?post=1948"},{"taxonomy":"post_tag","embeddable":true,"href":"https:\/\/periodicolarepublica.com\/index.php\/wp-json\/wp\/v2\/tags?post=1948"}],"curies":[{"name":"wp","href":"https:\/\/api.w.org\/{rel}","templated":true}]}}