{"id":1951,"date":"2024-10-20T20:26:33","date_gmt":"2024-10-20T18:26:33","guid":{"rendered":"https:\/\/periodicolarepublica.com\/?p=1951"},"modified":"2024-10-20T20:26:33","modified_gmt":"2024-10-20T18:26:33","slug":"ruddy-de-los-santos-comenta-sobre-el-retiro-de-la-reforma","status":"publish","type":"post","link":"https:\/\/periodicolarepublica.com\/index.php\/2024\/10\/20\/ruddy-de-los-santos-comenta-sobre-el-retiro-de-la-reforma\/","title":{"rendered":"Ruddy de los Santos comenta sobre el retiro de la reforma"},"content":{"rendered":"<p>&nbsp;<\/p>\n<p>El buen amigo Ruddy de los Santos, pol\u00edtico y comunicador, quien coordina Amigos que Suman y preside Gala Media Group, como siempre nos comparte sus comentarios, aqu\u00ed su mas reciente:<\/p>\n<p><img loading=\"lazy\" decoding=\"async\" class=\"alignnone size-medium wp-image-1952\" src=\"https:\/\/periodicolarepublica.com\/wp-content\/uploads\/2024\/10\/Picsart_24-10-20_14-11-10-500-300x211.jpg\" alt=\"\" width=\"300\" height=\"211\" srcset=\"https:\/\/periodicolarepublica.com\/wp-content\/uploads\/2024\/10\/Picsart_24-10-20_14-11-10-500-300x211.jpg?v=1729448782 300w, https:\/\/periodicolarepublica.com\/wp-content\/uploads\/2024\/10\/Picsart_24-10-20_14-11-10-500-768x540.jpg?v=1729448782 768w, https:\/\/periodicolarepublica.com\/wp-content\/uploads\/2024\/10\/Picsart_24-10-20_14-11-10-500-150x105.jpg?v=1729448782 150w, https:\/\/periodicolarepublica.com\/wp-content\/uploads\/2024\/10\/Picsart_24-10-20_14-11-10-500-600x422.jpg?v=1729448782 600w, https:\/\/periodicolarepublica.com\/wp-content\/uploads\/2024\/10\/Picsart_24-10-20_14-11-10-500-696x489.jpg?v=1729448782 696w, https:\/\/periodicolarepublica.com\/wp-content\/uploads\/2024\/10\/Picsart_24-10-20_14-11-10-500-100x70.jpg?v=1729448782 100w, https:\/\/periodicolarepublica.com\/wp-content\/uploads\/2024\/10\/Picsart_24-10-20_14-11-10-500-200x140.jpg?v=1729448782 200w, https:\/\/periodicolarepublica.com\/wp-content\/uploads\/2024\/10\/Picsart_24-10-20_14-11-10-500.jpg?v=1729448782 805w\" sizes=\"auto, (max-width: 300px) 100vw, 300px\" \/><\/p>\n<p>\u00abMi \u00fanico consejo al Gobierno es m\u00e1s planificaci\u00f3n, coordinaci\u00f3n y m\u00e1s consulta interna y externa. Siempre es bueno escuchar, concertar y dialogar, nunca imponer. No me explico como ayer s\u00e1bado luego de un comunicado del PRM, se anuncia que saldr\u00e1n a las calles a explicar una reforma que el presidente iba a retirar el mismo d\u00eda. Al presidente le aconsejar\u00eda crear comisiones de consultas que incluya algunos expertos legisladores, alcaldes, funcionarios, empresarios cercanos y uno que otro acad\u00e9micos, profesionales y juristas de alto calibre, y muy importante escuchar sus sabios consejos y recomendaciones.\u00bb<\/p>\n<p>De los Santos, en su comentario entiende preciso la creaci\u00f3n de comisiones de consulta que incluya expertos del tema.<\/p>\n","protected":false},"excerpt":{"rendered":"<p>&nbsp; El buen amigo Ruddy de los Santos, pol\u00edtico y comunicador, quien coordina Amigos que Suman y preside Gala Media Group, como siempre nos comparte sus comentarios, aqu\u00ed su mas reciente: \u00abMi \u00fanico consejo al Gobierno es m\u00e1s planificaci\u00f3n, coordinaci\u00f3n y m\u00e1s consulta interna y externa. Siempre es bueno escuchar, concertar y dialogar, nunca imponer. [&hellip;]<\/p>\n","protected":false},"author":1,"featured_media":1952,"comment_status":"open","ping_status":"open","sticky":false,"template":"","format":"standard","meta":{"om_disable_all_campaigns":false,"_monsterinsights_skip_tracking":false,"_monsterinsights_sitenote_active":false,"_monsterinsights_sitenote_note":"","_monsterinsights_sitenote_category":0,"footnotes":""},"categories":[1],"tags":[],"class_list":{"0":"post-1951","1":"post","2":"type-post","3":"status-publish","4":"format-standard","5":"has-post-thumbnail","7":"category-nacionales"},"aioseo_notices":[],"_links":{"self":[{"href":"https:\/\/periodicolarepublica.com\/index.php\/wp-json\/wp\/v2\/posts\/1951","targetHints":{"allow":["GET"]}}],"collection":[{"href":"https:\/\/periodicolarepublica.com\/index.php\/wp-json\/wp\/v2\/posts"}],"about":[{"href":"https:\/\/periodicolarepublica.com\/index.php\/wp-json\/wp\/v2\/types\/post"}],"author":[{"embeddable":true,"href":"https:\/\/periodicolarepublica.com\/index.php\/wp-json\/wp\/v2\/users\/1"}],"replies":[{"embeddable":true,"href":"https:\/\/periodicolarepublica.com\/index.php\/wp-json\/wp\/v2\/comments?post=1951"}],"version-history":[{"count":1,"href":"https:\/\/periodicolarepublica.com\/index.php\/wp-json\/wp\/v2\/posts\/1951\/revisions"}],"predecessor-version":[{"id":1953,"href":"https:\/\/periodicolarepublica.com\/index.php\/wp-json\/wp\/v2\/posts\/1951\/revisions\/1953"}],"wp:featuredmedia":[{"embeddable":true,"href":"https:\/\/periodicolarepublica.com\/index.php\/wp-json\/wp\/v2\/media\/1952"}],"wp:attachment":[{"href":"https:\/\/periodicolarepublica.com\/index.php\/wp-json\/wp\/v2\/media?parent=1951"}],"wp:term":[{"taxonomy":"category","embeddable":true,"href":"https:\/\/periodicolarepublica.com\/index.php\/wp-json\/wp\/v2\/categories?post=1951"},{"taxonomy":"post_tag","embeddable":true,"href":"https:\/\/periodicolarepublica.com\/index.php\/wp-json\/wp\/v2\/tags?post=1951"}],"curies":[{"name":"wp","href":"https:\/\/api.w.org\/{rel}","templated":true}]}}