{"id":1955,"date":"2024-10-25T21:24:31","date_gmt":"2024-10-25T19:24:31","guid":{"rendered":"https:\/\/periodicolarepublica.com\/?p=1955"},"modified":"2024-10-25T21:24:31","modified_gmt":"2024-10-25T19:24:31","slug":"ministro-victor-atallah-acompana-al-presidente-luis-abinader-y-a-la-alcaldesa-carolina-mejia-centro-futuro-en-cristo-rey","status":"publish","type":"post","link":"https:\/\/periodicolarepublica.com\/index.php\/2024\/10\/25\/ministro-victor-atallah-acompana-al-presidente-luis-abinader-y-a-la-alcaldesa-carolina-mejia-centro-futuro-en-cristo-rey\/","title":{"rendered":"Ministro V\u00edctor Atallah acompa\u00f1a al presidente Luis Abinader y a la alcaldesa Carolina Mej\u00eda Centro Futuro en Cristo Rey"},"content":{"rendered":"\r\n<p><img loading=\"lazy\" decoding=\"async\" class=\"size-medium wp-image-1961 alignright\" src=\"https:\/\/periodicolarepublica.com\/wp-content\/uploads\/2024\/10\/IMG-20241025-WA0114-300x179.jpg\" alt=\"\" width=\"300\" height=\"179\" \/>Santo Domingo \u2014 El Dr. V\u00edctor Atallah se uni\u00f3 al presidente Luis Abinader y a la alcaldesa del Distrito Nacional, Carolina Mej\u00eda, en la inauguraci\u00f3n del nuevo Centro Futuro, un espacio dedicado a la capacitaci\u00f3n y desarrollo de j\u00f3venes en el sector de Cristo Rey. <br \/><br \/>Durante la ceremonia, el Dr. Atallah expres\u00f3 su satisfacci\u00f3n por la apertura de este centro, que representa una oportunidad valiosa para los j\u00f3venes de la comunidad. \u201cEs un orgullo ver c\u00f3mo el gobierno y la alcald\u00eda, junto a diversas instituciones, trabajan en conjunto para proporcionar a nuestros j\u00f3venes las herramientas necesarias para un futuro exitoso\u201d, afirm\u00f3.<br \/><br \/>La inauguraci\u00f3n del Centro Futuro se enmarca dentro de una serie de iniciativas destinadas a fomentar la educaci\u00f3n y el empleo en los sectores m\u00e1s vulnerables de la ciudad. El Dr. Atallah felicit\u00f3 a la alcaldesa Mej\u00eda por su compromiso con el desarrollo comunitario y su liderazgo en la implementaci\u00f3n de programas que benefician a la juventud.<br \/><br \/>El nuevo centro ofrecer\u00e1 una variedad de cursos y talleres, dise\u00f1ados para equipar a los j\u00f3venes con habilidades \u00fatiles en el mercado laboral actual. Este esfuerzo conjunto busca no solo capacitar, sino tambi\u00e9n inspirar a la pr\u00f3xima generaci\u00f3n a alcanzar su m\u00e1ximo potencial.<\/p>\r\n","protected":false},"excerpt":{"rendered":"<p>Santo Domingo \u2014 El Dr. V\u00edctor Atallah se uni\u00f3 al presidente Luis Abinader y a la alcaldesa del Distrito Nacional, Carolina Mej\u00eda, en la inauguraci\u00f3n del nuevo Centro Futuro, un espacio dedicado a la capacitaci\u00f3n y desarrollo de j\u00f3venes en el sector de Cristo Rey. Durante la ceremonia, el Dr. Atallah expres\u00f3 su satisfacci\u00f3n por [&hellip;]<\/p>\n","protected":false},"author":10,"featured_media":0,"comment_status":"open","ping_status":"open","sticky":false,"template":"","format":"standard","meta":{"om_disable_all_campaigns":false,"_monsterinsights_skip_tracking":false,"_monsterinsights_sitenote_active":false,"_monsterinsights_sitenote_note":"","_monsterinsights_sitenote_category":0,"footnotes":""},"categories":[1],"tags":[159],"class_list":{"0":"post-1955","1":"post","2":"type-post","3":"status-publish","4":"format-standard","6":"category-nacionales","7":"tag-ministro-de-salud-publica-victor-atallah"},"aioseo_notices":[],"_links":{"self":[{"href":"https:\/\/periodicolarepublica.com\/index.php\/wp-json\/wp\/v2\/posts\/1955","targetHints":{"allow":["GET"]}}],"collection":[{"href":"https:\/\/periodicolarepublica.com\/index.php\/wp-json\/wp\/v2\/posts"}],"about":[{"href":"https:\/\/periodicolarepublica.com\/index.php\/wp-json\/wp\/v2\/types\/post"}],"author":[{"embeddable":true,"href":"https:\/\/periodicolarepublica.com\/index.php\/wp-json\/wp\/v2\/users\/10"}],"replies":[{"embeddable":true,"href":"https:\/\/periodicolarepublica.com\/index.php\/wp-json\/wp\/v2\/comments?post=1955"}],"version-history":[{"count":2,"href":"https:\/\/periodicolarepublica.com\/index.php\/wp-json\/wp\/v2\/posts\/1955\/revisions"}],"predecessor-version":[{"id":1962,"href":"https:\/\/periodicolarepublica.com\/index.php\/wp-json\/wp\/v2\/posts\/1955\/revisions\/1962"}],"wp:attachment":[{"href":"https:\/\/periodicolarepublica.com\/index.php\/wp-json\/wp\/v2\/media?parent=1955"}],"wp:term":[{"taxonomy":"category","embeddable":true,"href":"https:\/\/periodicolarepublica.com\/index.php\/wp-json\/wp\/v2\/categories?post=1955"},{"taxonomy":"post_tag","embeddable":true,"href":"https:\/\/periodicolarepublica.com\/index.php\/wp-json\/wp\/v2\/tags?post=1955"}],"curies":[{"name":"wp","href":"https:\/\/api.w.org\/{rel}","templated":true}]}}