{"id":1960,"date":"2024-10-27T14:51:24","date_gmt":"2024-10-27T13:51:24","guid":{"rendered":"https:\/\/periodicolarepublica.com\/?p=1960"},"modified":"2024-10-27T14:51:24","modified_gmt":"2024-10-27T13:51:24","slug":"tomas-hernandez-propone-acuerdo-nacional-para-la-reforma-fiscal","status":"publish","type":"post","link":"https:\/\/periodicolarepublica.com\/index.php\/2024\/10\/27\/tomas-hernandez-propone-acuerdo-nacional-para-la-reforma-fiscal\/","title":{"rendered":"Tom\u00e1s Hern\u00e1ndez Propone Acuerdo Nacional para la Reforma Fiscal"},"content":{"rendered":"\r\n<p><img loading=\"lazy\" decoding=\"async\" class=\"size-medium wp-image-1965 alignright\" src=\"https:\/\/periodicolarepublica.com\/wp-content\/uploads\/2024\/10\/20241027_094335-300x214.jpg\" alt=\"\" width=\"300\" height=\"214\" \/>Santo Domingo \u2013 En un llamado a la unidad y la madurez c\u00edvica, Tom\u00e1s Hern\u00e1ndez ha propuesto un acuerdo nacional para implementar la reforma fiscal en la Rep\u00fablica Dominicana. Durante una reciente intervenci\u00f3n, Hern\u00e1ndez destac\u00f3 la urgencia de esta reforma, afirmando que \u00ablos dominicanos estamos ya muy maduros para entender que debe ser hecha ahora y no ma\u00f1ana\u00bb.<br \/><br \/>El l\u00edder pol\u00edtico inst\u00f3 a todos los sectores de la sociedad, incluyendo a la oposici\u00f3n, a apoyar al gobierno del presidente Luis Abinader en esta crucial iniciativa. \u00abEs momento de dejar a un lado las diferencias y trabajar juntos por el bienestar de nuestra naci\u00f3n\u00bb, afirm\u00f3.<br \/><br \/>Hern\u00e1ndez enfatiz\u00f3 que un gran acuerdo nacional no solo beneficiar\u00e1 a la econom\u00eda del pa\u00eds, sino que tambi\u00e9n permitir\u00e1 avanzar hacia un futuro m\u00e1s sostenible y equitativo para todos los dominicanos. \u00abLa reforma fiscal es una herramienta vital para enfrentar los desaf\u00edos econ\u00f3micos que enfrentamos y es nuestra responsabilidad como ciudadanos apoyarla\u00bb, concluy\u00f3.<\/p>\r\n","protected":false},"excerpt":{"rendered":"<p>Santo Domingo \u2013 En un llamado a la unidad y la madurez c\u00edvica, Tom\u00e1s Hern\u00e1ndez ha propuesto un acuerdo nacional para implementar la reforma fiscal en la Rep\u00fablica Dominicana. Durante una reciente intervenci\u00f3n, Hern\u00e1ndez destac\u00f3 la urgencia de esta reforma, afirmando que \u00ablos dominicanos estamos ya muy maduros para entender que debe ser hecha ahora [&hellip;]<\/p>\n","protected":false},"author":10,"featured_media":0,"comment_status":"open","ping_status":"open","sticky":false,"template":"","format":"standard","meta":{"om_disable_all_campaigns":false,"_monsterinsights_skip_tracking":false,"_monsterinsights_sitenote_active":false,"_monsterinsights_sitenote_note":"","_monsterinsights_sitenote_category":0,"footnotes":""},"categories":[1],"tags":[163],"class_list":{"0":"post-1960","1":"post","2":"type-post","3":"status-publish","4":"format-standard","6":"category-nacionales","7":"tag-tomas-hernandez-alberto"},"aioseo_notices":[],"_links":{"self":[{"href":"https:\/\/periodicolarepublica.com\/index.php\/wp-json\/wp\/v2\/posts\/1960","targetHints":{"allow":["GET"]}}],"collection":[{"href":"https:\/\/periodicolarepublica.com\/index.php\/wp-json\/wp\/v2\/posts"}],"about":[{"href":"https:\/\/periodicolarepublica.com\/index.php\/wp-json\/wp\/v2\/types\/post"}],"author":[{"embeddable":true,"href":"https:\/\/periodicolarepublica.com\/index.php\/wp-json\/wp\/v2\/users\/10"}],"replies":[{"embeddable":true,"href":"https:\/\/periodicolarepublica.com\/index.php\/wp-json\/wp\/v2\/comments?post=1960"}],"version-history":[{"count":2,"href":"https:\/\/periodicolarepublica.com\/index.php\/wp-json\/wp\/v2\/posts\/1960\/revisions"}],"predecessor-version":[{"id":1966,"href":"https:\/\/periodicolarepublica.com\/index.php\/wp-json\/wp\/v2\/posts\/1960\/revisions\/1966"}],"wp:attachment":[{"href":"https:\/\/periodicolarepublica.com\/index.php\/wp-json\/wp\/v2\/media?parent=1960"}],"wp:term":[{"taxonomy":"category","embeddable":true,"href":"https:\/\/periodicolarepublica.com\/index.php\/wp-json\/wp\/v2\/categories?post=1960"},{"taxonomy":"post_tag","embeddable":true,"href":"https:\/\/periodicolarepublica.com\/index.php\/wp-json\/wp\/v2\/tags?post=1960"}],"curies":[{"name":"wp","href":"https:\/\/api.w.org\/{rel}","templated":true}]}}