{"id":1964,"date":"2024-10-27T19:40:00","date_gmt":"2024-10-27T18:40:00","guid":{"rendered":"https:\/\/periodicolarepublica.com\/?p=1964"},"modified":"2024-10-27T19:40:00","modified_gmt":"2024-10-27T18:40:00","slug":"dr-victor-atallah-celebra-la-proclamacion-de-la-nueva-constitucion","status":"publish","type":"post","link":"https:\/\/periodicolarepublica.com\/index.php\/2024\/10\/27\/dr-victor-atallah-celebra-la-proclamacion-de-la-nueva-constitucion\/","title":{"rendered":"Dr. V\u00edctor Atallah celebra la proclamaci\u00f3n de la nueva Constituci\u00f3n"},"content":{"rendered":"\r\n<p><img loading=\"lazy\" decoding=\"async\" class=\"size-medium wp-image-1945 alignright\" src=\"https:\/\/periodicolarepublica.com\/wp-content\/uploads\/2024\/10\/IMG-20241016-WA0062-211x300.jpg\" alt=\"\" width=\"211\" height=\"300\" srcset=\"https:\/\/periodicolarepublica.com\/wp-content\/uploads\/2024\/10\/IMG-20241016-WA0062-211x300.jpg?v=1729380478 211w, https:\/\/periodicolarepublica.com\/wp-content\/uploads\/2024\/10\/IMG-20241016-WA0062-720x1024.jpg?v=1729380478 720w, https:\/\/periodicolarepublica.com\/wp-content\/uploads\/2024\/10\/IMG-20241016-WA0062-768x1092.jpg?v=1729380478 768w, https:\/\/periodicolarepublica.com\/wp-content\/uploads\/2024\/10\/IMG-20241016-WA0062-1080x1536.jpg?v=1729380478 1080w, https:\/\/periodicolarepublica.com\/wp-content\/uploads\/2024\/10\/IMG-20241016-WA0062-150x213.jpg?v=1729380478 150w, https:\/\/periodicolarepublica.com\/wp-content\/uploads\/2024\/10\/IMG-20241016-WA0062-300x427.jpg?v=1729380478 300w, https:\/\/periodicolarepublica.com\/wp-content\/uploads\/2024\/10\/IMG-20241016-WA0062-600x853.jpg?v=1729380478 600w, https:\/\/periodicolarepublica.com\/wp-content\/uploads\/2024\/10\/IMG-20241016-WA0062-696x990.jpg?v=1729380478 696w, https:\/\/periodicolarepublica.com\/wp-content\/uploads\/2024\/10\/IMG-20241016-WA0062-1068x1519.jpg?v=1729380478 1068w, https:\/\/periodicolarepublica.com\/wp-content\/uploads\/2024\/10\/IMG-20241016-WA0062.jpg?v=1729380478 1125w\" sizes=\"auto, (max-width: 211px) 100vw, 211px\" \/>Santo Domingo- El Ministro de Salud P\u00fablica, Dr. V\u00edctor Atallah, ha declarado que el d\u00eda de hoy se convierte en un hito hist\u00f3rico con la proclamaci\u00f3n de la nueva Constituci\u00f3n. En un evento celebrado en el Congreso Nacional, el Dr. Atallah destac\u00f3 que esta nueva carta magna representa un gran legado que el presidente Luis Abinader deja para las futuras generaciones del pa\u00eds.<br \/><br \/>\u201cHoy, marcamos un antes y un despu\u00e9s en la historia de nuestra naci\u00f3n. Esta Constituci\u00f3n no solo refleja los anhelos del pueblo dominicano, sino que tambi\u00e9n establece un camino claro hacia un futuro m\u00e1s justo y equitativo\u201d, afirm\u00f3 el Dr. Atallah. <br \/><br \/>El Ministro subray\u00f3 la importancia de esta proclamaci\u00f3n en el fortalecimiento de las instituciones y en la promoci\u00f3n de los derechos fundamentales de todos los ciudadanos. \u201cEs un momento de celebraci\u00f3n, pero tambi\u00e9n de reflexi\u00f3n sobre el compromiso que tenemos todos en construir un pa\u00eds donde prevalezca la justicia y la igualdad\u201d, a\u00f1adi\u00f3.<br \/><br \/>La nueva Constituci\u00f3n ser\u00e1 fundamental para guiar el desarrollo social, econ\u00f3mico y sanitario de la naci\u00f3n, asegurando que las pol\u00edticas p\u00fablicas prioricen el bienestar de la poblaci\u00f3n.<\/p>\r\n","protected":false},"excerpt":{"rendered":"<p>Santo Domingo- El Ministro de Salud P\u00fablica, Dr. V\u00edctor Atallah, ha declarado que el d\u00eda de hoy se convierte en un hito hist\u00f3rico con la proclamaci\u00f3n de la nueva Constituci\u00f3n. En un evento celebrado en el Congreso Nacional, el Dr. Atallah destac\u00f3 que esta nueva carta magna representa un gran legado que el presidente Luis [&hellip;]<\/p>\n","protected":false},"author":10,"featured_media":1945,"comment_status":"open","ping_status":"open","sticky":false,"template":"","format":"standard","meta":{"om_disable_all_campaigns":false,"_monsterinsights_skip_tracking":false,"_monsterinsights_sitenote_active":false,"_monsterinsights_sitenote_note":"","_monsterinsights_sitenote_category":0,"footnotes":""},"categories":[1],"tags":[291,160,161],"class_list":{"0":"post-1964","1":"post","2":"type-post","3":"status-publish","4":"format-standard","5":"has-post-thumbnail","7":"category-nacionales","8":"tag-presidencia-dominicana","9":"tag-salud-publica","10":"tag-victor-atallah"},"aioseo_notices":[],"_links":{"self":[{"href":"https:\/\/periodicolarepublica.com\/index.php\/wp-json\/wp\/v2\/posts\/1964","targetHints":{"allow":["GET"]}}],"collection":[{"href":"https:\/\/periodicolarepublica.com\/index.php\/wp-json\/wp\/v2\/posts"}],"about":[{"href":"https:\/\/periodicolarepublica.com\/index.php\/wp-json\/wp\/v2\/types\/post"}],"author":[{"embeddable":true,"href":"https:\/\/periodicolarepublica.com\/index.php\/wp-json\/wp\/v2\/users\/10"}],"replies":[{"embeddable":true,"href":"https:\/\/periodicolarepublica.com\/index.php\/wp-json\/wp\/v2\/comments?post=1964"}],"version-history":[{"count":2,"href":"https:\/\/periodicolarepublica.com\/index.php\/wp-json\/wp\/v2\/posts\/1964\/revisions"}],"predecessor-version":[{"id":1969,"href":"https:\/\/periodicolarepublica.com\/index.php\/wp-json\/wp\/v2\/posts\/1964\/revisions\/1969"}],"wp:featuredmedia":[{"embeddable":true,"href":"https:\/\/periodicolarepublica.com\/index.php\/wp-json\/wp\/v2\/media\/1945"}],"wp:attachment":[{"href":"https:\/\/periodicolarepublica.com\/index.php\/wp-json\/wp\/v2\/media?parent=1964"}],"wp:term":[{"taxonomy":"category","embeddable":true,"href":"https:\/\/periodicolarepublica.com\/index.php\/wp-json\/wp\/v2\/categories?post=1964"},{"taxonomy":"post_tag","embeddable":true,"href":"https:\/\/periodicolarepublica.com\/index.php\/wp-json\/wp\/v2\/tags?post=1964"}],"curies":[{"name":"wp","href":"https:\/\/api.w.org\/{rel}","templated":true}]}}