{"id":1968,"date":"2024-10-28T21:45:16","date_gmt":"2024-10-28T20:45:16","guid":{"rendered":"https:\/\/periodicolarepublica.com\/?p=1968"},"modified":"2024-10-28T21:45:16","modified_gmt":"2024-10-28T20:45:16","slug":"msp-mived-y-sns-unen-fuerzas-para-reforzar-el-sistema-nacional-de-salud","status":"publish","type":"post","link":"https:\/\/periodicolarepublica.com\/index.php\/2024\/10\/28\/msp-mived-y-sns-unen-fuerzas-para-reforzar-el-sistema-nacional-de-salud\/","title":{"rendered":"\u00abMSP, MIVED y SNS Unen Fuerzas para Reforzar el Sistema Nacional de Salud\u00bb"},"content":{"rendered":"\r\n<p><img loading=\"lazy\" decoding=\"async\" class=\"size-medium wp-image-1975 alignright\" src=\"https:\/\/periodicolarepublica.com\/wp-content\/uploads\/2024\/10\/IMG-20241028-WA0113-300x200.jpg\" alt=\"\" width=\"300\" height=\"200\" srcset=\"https:\/\/periodicolarepublica.com\/wp-content\/uploads\/2024\/10\/IMG-20241028-WA0113-300x200.jpg?v=1730148301 300w, https:\/\/periodicolarepublica.com\/wp-content\/uploads\/2024\/10\/IMG-20241028-WA0113-1024x683.jpg?v=1730148301 1024w, https:\/\/periodicolarepublica.com\/wp-content\/uploads\/2024\/10\/IMG-20241028-WA0113-768x512.jpg?v=1730148301 768w, https:\/\/periodicolarepublica.com\/wp-content\/uploads\/2024\/10\/IMG-20241028-WA0113-1536x1024.jpg?v=1730148301 1536w, https:\/\/periodicolarepublica.com\/wp-content\/uploads\/2024\/10\/IMG-20241028-WA0113-150x100.jpg?v=1730148301 150w, https:\/\/periodicolarepublica.com\/wp-content\/uploads\/2024\/10\/IMG-20241028-WA0113-600x400.jpg?v=1730148301 600w, https:\/\/periodicolarepublica.com\/wp-content\/uploads\/2024\/10\/IMG-20241028-WA0113-696x464.jpg?v=1730148301 696w, https:\/\/periodicolarepublica.com\/wp-content\/uploads\/2024\/10\/IMG-20241028-WA0113-1392x928.jpg?v=1730148301 1392w, https:\/\/periodicolarepublica.com\/wp-content\/uploads\/2024\/10\/IMG-20241028-WA0113-1068x712.jpg?v=1730148301 1068w, https:\/\/periodicolarepublica.com\/wp-content\/uploads\/2024\/10\/IMG-20241028-WA0113.jpg?v=1730148301 1600w\" sizes=\"auto, (max-width: 300px) 100vw, 300px\" \/>*Santo Domingo*. &#8211; Con el objetivo de mejorar la capacidad del sistema de salud p\u00fablica para ofrecer servicios de calidad, especialmente en la atenci\u00f3n materna y neonatal, el Ministerio de Salud P\u00fablica (MSP), el Servicio Nacional de Salud (SNS) y el Ministerio de Vivienda y Edificaciones (MIVED) firmaron este lunes un convenio de cooperaci\u00f3n interinstitucional.<br \/><br \/>El acuerdo fue rubricado por V\u00edctor Atallah, ministro de Salud P\u00fablica, Mario Lama, director del SNS y Carlos Bonilla, ministro del MIVED, quienes coincidieron en destacar la importancia de este proyecto denominado \u201cFortalecimiento del Sistema Nacional de Salud de la Rep\u00fablica Dominicana\u201d.<br \/><br \/>El ministro de Salud destac\u00f3 que, el convenio es un compromiso con la salud y el bienestar de la poblaci\u00f3n, esta cooperaci\u00f3n interinstitucional representa un paso significativo hacia el fortalecimiento del Sistema Nacional de Salud de la Rep\u00fablica Dominicana.<br \/><br \/>\u00b4\u00b4A trav\u00e9s del proyecto \u201cFortalecimiento del Sistema Nacional de Salud\u201d, buscamos mejorar la calidad de los servicios de salud, especialmente en \u00e1reas tan sensibles como la atenci\u00f3n materna y neonatal. Este esfuerzo responde no solo a los compromisos asumidos en el marco del pr\u00e9stamo con el Banco Internacional de Reconstrucci\u00f3n y Fomento (BIRF), sino tambi\u00e9n a nuestros objetivos de desarrollo sostenible y al Plan Nacional Plurianual del Sector P\u00fablico\u00b4\u00b4, manifest\u00f3 el doctor Atallah. <br \/><br \/>En tanto que, Carlos Bonilla, ministro de Vivienda y Edificaciones precis\u00f3 que \u00b4\u00b4Como siempre lo hemos recalcado y destacado, para nuestra gesti\u00f3n es importante seguir invirtiendo en la infraestructura de salud. De la mano con las promesas y el compromiso de nuestro Presidente Luis Abinader, este es un trabajo para todos los dominicanos, para mejorar su calidad de vida.<br \/><br \/>De su lado, Gianluca Cafagna, especialista en Salud del Banco Mundial, dijo que este convenio de colaboraci\u00f3n entre MISPAS, MIVHED y SNS es un hito importante para la efectividad del Programa de Apoyo al Fortalecimiento del Sistema Nacional de Salud financiado por el Banco Mundial. El Programa apunta a mejorar la capacidad de los proveedores p\u00fablicos de brindar servicios de salud de calidad, para que todos tengan la oportunidad de desarrollar plenamente su potencial y capital humano.<br \/><br \/>*El Convenio*<br \/>Este convenio responde a los compromisos adquiridos en el convenio de Pr\u00e9stamo No. 9620-DO, suscrito el 21 de marzo de 2024 entre la Rep\u00fablica Dominicana y el Banco Internacional de Reconstrucci\u00f3n y Fomento (BIRF), aprobado mediante la Resoluci\u00f3n No. 34-24 por el presidente de la Rep\u00fablica, Luis Abinader.<br \/><br \/>Contribuir\u00e1 a alcanzar los compromisos establecidos en la Estrategia Nacional de Desarrollo 2030, el Plan Nacional Plurianual del Sector P\u00fablico 2021-2024 y los objetivos de la Agenda 2030 para el Desarrollo Sostenible.<br \/><br \/>El acto de firma representa no solo un avance en el cumplimiento de los compromisos internacionales adquiridos, sino tambi\u00e9n una reafirmaci\u00f3n del compromiso del Gobierno dominicano con la mejora continua del sistema de salud en beneficio de la poblaci\u00f3n.<br \/><br \/>La firma del convenio de cooperaci\u00f3n tuvo lugar en la Sala de Situaciones del Ministerio de Salud, marcando un paso importante en el fortalecimiento del sistema de salud p\u00fablica en la Rep\u00fablica Dominicana.<\/p>\r\n","protected":false},"excerpt":{"rendered":"<p>*Santo Domingo*. &#8211; Con el objetivo de mejorar la capacidad del sistema de salud p\u00fablica para ofrecer servicios de calidad, especialmente en la atenci\u00f3n materna y neonatal, el Ministerio de Salud P\u00fablica (MSP), el Servicio Nacional de Salud (SNS) y el Ministerio de Vivienda y Edificaciones (MIVED) firmaron este lunes un convenio de cooperaci\u00f3n interinstitucional. [&hellip;]<\/p>\n","protected":false},"author":10,"featured_media":1975,"comment_status":"open","ping_status":"open","sticky":false,"template":"","format":"standard","meta":{"om_disable_all_campaigns":false,"_monsterinsights_skip_tracking":false,"_monsterinsights_sitenote_active":false,"_monsterinsights_sitenote_note":"","_monsterinsights_sitenote_category":0,"footnotes":""},"categories":[1],"tags":[159],"class_list":{"0":"post-1968","1":"post","2":"type-post","3":"status-publish","4":"format-standard","5":"has-post-thumbnail","7":"category-nacionales","8":"tag-ministro-de-salud-publica-victor-atallah"},"aioseo_notices":[],"_links":{"self":[{"href":"https:\/\/periodicolarepublica.com\/index.php\/wp-json\/wp\/v2\/posts\/1968","targetHints":{"allow":["GET"]}}],"collection":[{"href":"https:\/\/periodicolarepublica.com\/index.php\/wp-json\/wp\/v2\/posts"}],"about":[{"href":"https:\/\/periodicolarepublica.com\/index.php\/wp-json\/wp\/v2\/types\/post"}],"author":[{"embeddable":true,"href":"https:\/\/periodicolarepublica.com\/index.php\/wp-json\/wp\/v2\/users\/10"}],"replies":[{"embeddable":true,"href":"https:\/\/periodicolarepublica.com\/index.php\/wp-json\/wp\/v2\/comments?post=1968"}],"version-history":[{"count":2,"href":"https:\/\/periodicolarepublica.com\/index.php\/wp-json\/wp\/v2\/posts\/1968\/revisions"}],"predecessor-version":[{"id":1976,"href":"https:\/\/periodicolarepublica.com\/index.php\/wp-json\/wp\/v2\/posts\/1968\/revisions\/1976"}],"wp:featuredmedia":[{"embeddable":true,"href":"https:\/\/periodicolarepublica.com\/index.php\/wp-json\/wp\/v2\/media\/1975"}],"wp:attachment":[{"href":"https:\/\/periodicolarepublica.com\/index.php\/wp-json\/wp\/v2\/media?parent=1968"}],"wp:term":[{"taxonomy":"category","embeddable":true,"href":"https:\/\/periodicolarepublica.com\/index.php\/wp-json\/wp\/v2\/categories?post=1968"},{"taxonomy":"post_tag","embeddable":true,"href":"https:\/\/periodicolarepublica.com\/index.php\/wp-json\/wp\/v2\/tags?post=1968"}],"curies":[{"name":"wp","href":"https:\/\/api.w.org\/{rel}","templated":true}]}}