{"id":1970,"date":"2024-10-28T16:02:20","date_gmt":"2024-10-28T15:02:20","guid":{"rendered":"https:\/\/periodicolarepublica.com\/?p=1970"},"modified":"2024-10-28T16:03:38","modified_gmt":"2024-10-28T15:03:38","slug":"alcaldesa-carolina-mejia-viaja-a-madrid-para-el-encuentro-de-ciudades-iberoamericanas","status":"publish","type":"post","link":"https:\/\/periodicolarepublica.com\/index.php\/2024\/10\/28\/alcaldesa-carolina-mejia-viaja-a-madrid-para-el-encuentro-de-ciudades-iberoamericanas\/","title":{"rendered":"Alcaldesa Carolina Mej\u00eda viaja a Madrid para el Encuentro de Ciudades Iberoamericanas"},"content":{"rendered":"<p style=\"text-align: left;\">Agotar\u00e1 una agenda de reuniones institucionales, pol\u00edticas, acad\u00e9micas y empresariales en la ciudad espa\u00f1ola<\/p>\n<p><img loading=\"lazy\" decoding=\"async\" class=\"alignnone size-medium wp-image-1971\" src=\"https:\/\/periodicolarepublica.com\/wp-content\/uploads\/2024\/10\/IMG-20241028-WA0013-300x200.jpg\" alt=\"\" width=\"300\" height=\"200\" srcset=\"https:\/\/periodicolarepublica.com\/wp-content\/uploads\/2024\/10\/IMG-20241028-WA0013-300x200.jpg?v=1730127718 300w, https:\/\/periodicolarepublica.com\/wp-content\/uploads\/2024\/10\/IMG-20241028-WA0013-1024x683.jpg?v=1730127718 1024w, https:\/\/periodicolarepublica.com\/wp-content\/uploads\/2024\/10\/IMG-20241028-WA0013-768x512.jpg?v=1730127718 768w, https:\/\/periodicolarepublica.com\/wp-content\/uploads\/2024\/10\/IMG-20241028-WA0013-150x100.jpg?v=1730127718 150w, https:\/\/periodicolarepublica.com\/wp-content\/uploads\/2024\/10\/IMG-20241028-WA0013-600x400.jpg?v=1730127718 600w, https:\/\/periodicolarepublica.com\/wp-content\/uploads\/2024\/10\/IMG-20241028-WA0013-696x464.jpg?v=1730127718 696w, https:\/\/periodicolarepublica.com\/wp-content\/uploads\/2024\/10\/IMG-20241028-WA0013.jpg?v=1730127718 1040w\" sizes=\"auto, (max-width: 300px) 100vw, 300px\" \/><\/p>\n<p>Madrid, Espa\u00f1a &#8211; La alcaldesa del Distrito Nacional, Carolina Mej\u00eda, se encuentra en Madrid para participar en un encuentro de la Uni\u00f3n de Ciudades Capitales Iberoamericanas (UCCI) y otras reuniones pol\u00edticas y empresariales.<\/p>\n<p>Carolina Mej\u00eda, quien tambi\u00e9n es vicepresidenta de Pol\u00edtica Social y Bienestar de la UCCI, fue recibida entre aplausos y flores por una comitiva en el Aeropuerto Adolfo Su\u00e1rez, en la capital espa\u00f1ola.<\/p>\n<p>En calidad de vicepresidenta, Mej\u00eda participar\u00e1 este mi\u00e9rcoles 30 de octubre en la reuni\u00f3n del Comit\u00e9 Ejecutivo de la UCCI.<\/p>\n<p>La alcaldesa tambi\u00e9n participar\u00e1 el jueves en el panel sobre financiaci\u00f3n sostenible para el desarrollo futuro de las ciudades iberoamericanas, donde adem\u00e1s se tratar\u00e1n nuevos enfoques de articulaci\u00f3n p\u00fablico-privada en gobiernos locales.<\/p>\n<p>En ese panel, la dominicana compartir\u00e1 con el alcalde de Madrid, Jos\u00e9 Luis Mart\u00ednez Almeida; con el presidente ejecutivo de CAF, Sergio D\u00edaz Granado; el jefe de Gobierno de Buenos Aires, Jorge Macri; y con el director general de la Fundaci\u00f3n BBVA Microfinanzas, Javier M. Flores.<\/p>\n<p>Adem\u00e1s, la ejecutiva municipal del Distrito Nacional tendr\u00e1 varias reuniones, incluyendo una con los dirigentes del Partido Revolucionario Moderno en Madrid. Tambi\u00e9n visitar\u00e1 la IESE Business School, ASEME, Casa de Am\u00e9rica, la Embajada Dominicana en Espa\u00f1a, el Consulado Dominicano en Madrid y la Organizaci\u00f3n Internacional de la Juventud.<\/p>\n","protected":false},"excerpt":{"rendered":"<p>Agotar\u00e1 una agenda de reuniones institucionales, pol\u00edticas, acad\u00e9micas y empresariales en la ciudad espa\u00f1ola Madrid, Espa\u00f1a &#8211; La alcaldesa del Distrito Nacional, Carolina Mej\u00eda, se encuentra en Madrid para participar en un encuentro de la Uni\u00f3n de Ciudades Capitales Iberoamericanas (UCCI) y otras reuniones pol\u00edticas y empresariales. Carolina Mej\u00eda, quien tambi\u00e9n es vicepresidenta de Pol\u00edtica [&hellip;]<\/p>\n","protected":false},"author":6,"featured_media":1971,"comment_status":"open","ping_status":"open","sticky":false,"template":"","format":"standard","meta":{"om_disable_all_campaigns":false,"_monsterinsights_skip_tracking":false,"_monsterinsights_sitenote_active":false,"_monsterinsights_sitenote_note":"","_monsterinsights_sitenote_category":0,"footnotes":""},"categories":[1],"tags":[],"class_list":{"0":"post-1970","1":"post","2":"type-post","3":"status-publish","4":"format-standard","5":"has-post-thumbnail","7":"category-nacionales"},"aioseo_notices":[],"_links":{"self":[{"href":"https:\/\/periodicolarepublica.com\/index.php\/wp-json\/wp\/v2\/posts\/1970","targetHints":{"allow":["GET"]}}],"collection":[{"href":"https:\/\/periodicolarepublica.com\/index.php\/wp-json\/wp\/v2\/posts"}],"about":[{"href":"https:\/\/periodicolarepublica.com\/index.php\/wp-json\/wp\/v2\/types\/post"}],"author":[{"embeddable":true,"href":"https:\/\/periodicolarepublica.com\/index.php\/wp-json\/wp\/v2\/users\/6"}],"replies":[{"embeddable":true,"href":"https:\/\/periodicolarepublica.com\/index.php\/wp-json\/wp\/v2\/comments?post=1970"}],"version-history":[{"count":1,"href":"https:\/\/periodicolarepublica.com\/index.php\/wp-json\/wp\/v2\/posts\/1970\/revisions"}],"predecessor-version":[{"id":1972,"href":"https:\/\/periodicolarepublica.com\/index.php\/wp-json\/wp\/v2\/posts\/1970\/revisions\/1972"}],"wp:featuredmedia":[{"embeddable":true,"href":"https:\/\/periodicolarepublica.com\/index.php\/wp-json\/wp\/v2\/media\/1971"}],"wp:attachment":[{"href":"https:\/\/periodicolarepublica.com\/index.php\/wp-json\/wp\/v2\/media?parent=1970"}],"wp:term":[{"taxonomy":"category","embeddable":true,"href":"https:\/\/periodicolarepublica.com\/index.php\/wp-json\/wp\/v2\/categories?post=1970"},{"taxonomy":"post_tag","embeddable":true,"href":"https:\/\/periodicolarepublica.com\/index.php\/wp-json\/wp\/v2\/tags?post=1970"}],"curies":[{"name":"wp","href":"https:\/\/api.w.org\/{rel}","templated":true}]}}