{"id":1982,"date":"2024-10-30T21:40:13","date_gmt":"2024-10-30T20:40:13","guid":{"rendered":"https:\/\/periodicolarepublica.com\/?p=1982"},"modified":"2024-10-30T21:40:13","modified_gmt":"2024-10-30T20:40:13","slug":"salud-publica-realiza-actividad-para-beneficiarias-del-programa-alto-costo-con-cancer-de-mama","status":"publish","type":"post","link":"https:\/\/periodicolarepublica.com\/index.php\/2024\/10\/30\/salud-publica-realiza-actividad-para-beneficiarias-del-programa-alto-costo-con-cancer-de-mama\/","title":{"rendered":"Salud P\u00fablica realiza actividad para beneficiarias del programa Alto Costo con c\u00e1ncer de mama"},"content":{"rendered":"\r\n<p><img loading=\"lazy\" decoding=\"async\" class=\"size-medium wp-image-1987 alignright\" src=\"https:\/\/periodicolarepublica.com\/wp-content\/uploads\/2024\/10\/IMG-20241030-WA0117-300x200.jpg\" alt=\"\" width=\"300\" height=\"200\" srcset=\"https:\/\/periodicolarepublica.com\/wp-content\/uploads\/2024\/10\/IMG-20241030-WA0117-300x200.jpg?v=1730320785 300w, https:\/\/periodicolarepublica.com\/wp-content\/uploads\/2024\/10\/IMG-20241030-WA0117-1024x683.jpg?v=1730320785 1024w, https:\/\/periodicolarepublica.com\/wp-content\/uploads\/2024\/10\/IMG-20241030-WA0117-768x512.jpg?v=1730320785 768w, https:\/\/periodicolarepublica.com\/wp-content\/uploads\/2024\/10\/IMG-20241030-WA0117-1536x1024.jpg?v=1730320785 1536w, https:\/\/periodicolarepublica.com\/wp-content\/uploads\/2024\/10\/IMG-20241030-WA0117-2048x1365.jpg?v=1730320785 2048w, https:\/\/periodicolarepublica.com\/wp-content\/uploads\/2024\/10\/IMG-20241030-WA0117-150x100.jpg?v=1730320785 150w, https:\/\/periodicolarepublica.com\/wp-content\/uploads\/2024\/10\/IMG-20241030-WA0117-600x400.jpg?v=1730320785 600w, https:\/\/periodicolarepublica.com\/wp-content\/uploads\/2024\/10\/IMG-20241030-WA0117-696x464.jpg?v=1730320785 696w, https:\/\/periodicolarepublica.com\/wp-content\/uploads\/2024\/10\/IMG-20241030-WA0117-1392x928.jpg?v=1730320785 1392w, https:\/\/periodicolarepublica.com\/wp-content\/uploads\/2024\/10\/IMG-20241030-WA0117-1068x712.jpg?v=1730320785 1068w, https:\/\/periodicolarepublica.com\/wp-content\/uploads\/2024\/10\/IMG-20241030-WA0117-1920x1280.jpg?v=1730320785 1920w\" sizes=\"auto, (max-width: 300px) 100vw, 300px\" \/>*Santo Domingo. -* Durante la actividad \u201cS\u00faper Rosa\u00bb organizada por la Direcci\u00f3n de Acceso a Medicamentos de Alto Costo (Damac), para mujeres beneficiarias de ese programa, que padecen c\u00e1ncer de mama, el ministro de Salud, V\u00edctor Atallah reiter\u00f3 a las mujeres la importancia de realizarse el autoexamen, como uno de los aspectos que influyen para detectar de manera oportuna y prevenir la enfermedad.<br \/><br \/>El funcionario resalt\u00f3 que el Gobierno trabaja para asistir a todas las mujeres con c\u00e1ncer de mama a trav\u00e9s de Damac, instancia del Ministerio de Salud P\u00fablica, responsable del proceso de inclusi\u00f3n de las personas que requieren asistencia para llevar a cabo sus tratamientos. <br \/><br \/>Dijo que, igualmente, las autoridades realizan acciones para que cada vez sean menos las mujeres con c\u00e1ncer de mama, \u201ca trav\u00e9s de la prevenci\u00f3n y el diagn\u00f3stico temprano\u201d.<br \/><br \/>\u201cUstedes no est\u00e1n solas. Sus necesidades, como las de todas las pacientes con c\u00e1ncer de mama, son prioritarias para el Ministerio de Salud y todo el Gobierno\u00bb, dijo el funcionario, al hablar directamente a las mujeres afectadas por ese mal, que asistieron a esta actividad.<br \/><br \/>Indic\u00f3 que las autoridades y la sociedad trabajan unidas para que el diagn\u00f3stico de c\u00e1ncer de mama sea temporal y de victoria, por ser la patolog\u00eda de c\u00e1ncer m\u00e1s frecuente en las mujeres y la m\u00e1s asistida con medicamentos de alto costo, a trav\u00e9s de Damac del Ministerio de Salud. <br \/><br \/>Destac\u00f3 que las mujeres afectadas por esa enfermedad son partes esenciales en su cura, con la fe puesta en Dios, y la ayuda de la ciencia, y las llam\u00f3 actuar con esperanza y valent\u00eda, con el apoyo de sus familiares y m\u00e9dicos. <br \/><br \/>\u201cEl c\u00e1ncer, adem\u00e1s de tratamiento, necesita solidaridad, amor y fe, al c\u00e1ncer no le gusta la depresi\u00f3n, ni la falta de fe. Cuando eso sucede, la inmunidad baja\u201d, expres\u00f3. <br \/>Durante esta actividad, pacientes de c\u00e1ncer beneficiadas con f\u00e1rmacos, suministrados por Alto Costo, entre ellas Claudia Franco y Eridanda Bencosme, narraron su experiencia y agradecieron a la instituci\u00f3n por el apoyo con el tratamiento. <br \/><br \/>La paciente Franco manifest\u00f3 que inmediatamente recibi\u00f3 la indicaci\u00f3n del medicamento para tratar el c\u00e1ncer de mama se acerc\u00f3 al Ministerio de Salud y obtuvo una respuesta positiva, lo cual quit\u00f3 la preocupaci\u00f3n a su familia por los costosos f\u00e1rmacos. <br \/><br \/>La directora de Damac, Yocastia de Jes\u00fas, asegur\u00f3 que trabaja, junto a todo el equipo de Alto Costo, para proveer de manera oportuna medicamentos a las pacientes de c\u00e1ncer mam\u00e1, as\u00ed como a todos los de otras patolog\u00edas cubiertas por ese organismo de Salud P\u00fablica. <br \/><br \/>De su lado, el presidente de la Sociedad Dominicana de Hematolog\u00eda y Oncolog\u00eda, doctor Rogelio Prestol, destac\u00f3 que las autoridades dominicanas han comprendido y asumido que son partes importantes en la lucha contra el c\u00e1ncer, junto a los m\u00e9dicos dominicanos. <br \/><br \/>En el marco de esta actividad, la psic\u00f3loga cl\u00ednica Katherine Lluberes, expuso la charla: \u201cLa importancia del autocuidado emocional en el proceso de sanaci\u00f3n y estrategias para manejar el estr\u00e9s, ansiedad y emociones dif\u00edciles a trav\u00e9s del autocuidado y la autocompasi\u00f3n\u201d.<\/p>\r\n","protected":false},"excerpt":{"rendered":"<p>*Santo Domingo. -* Durante la actividad \u201cS\u00faper Rosa\u00bb organizada por la Direcci\u00f3n de Acceso a Medicamentos de Alto Costo (Damac), para mujeres beneficiarias de ese programa, que padecen c\u00e1ncer de mama, el ministro de Salud, V\u00edctor Atallah reiter\u00f3 a las mujeres la importancia de realizarse el autoexamen, como uno de los aspectos que influyen para [&hellip;]<\/p>\n","protected":false},"author":10,"featured_media":1987,"comment_status":"open","ping_status":"open","sticky":false,"template":"","format":"standard","meta":{"om_disable_all_campaigns":false,"_monsterinsights_skip_tracking":false,"_monsterinsights_sitenote_active":false,"_monsterinsights_sitenote_note":"","_monsterinsights_sitenote_category":0,"footnotes":""},"categories":[1],"tags":[159],"class_list":{"0":"post-1982","1":"post","2":"type-post","3":"status-publish","4":"format-standard","5":"has-post-thumbnail","7":"category-nacionales","8":"tag-ministro-de-salud-publica-victor-atallah"},"aioseo_notices":[],"_links":{"self":[{"href":"https:\/\/periodicolarepublica.com\/index.php\/wp-json\/wp\/v2\/posts\/1982","targetHints":{"allow":["GET"]}}],"collection":[{"href":"https:\/\/periodicolarepublica.com\/index.php\/wp-json\/wp\/v2\/posts"}],"about":[{"href":"https:\/\/periodicolarepublica.com\/index.php\/wp-json\/wp\/v2\/types\/post"}],"author":[{"embeddable":true,"href":"https:\/\/periodicolarepublica.com\/index.php\/wp-json\/wp\/v2\/users\/10"}],"replies":[{"embeddable":true,"href":"https:\/\/periodicolarepublica.com\/index.php\/wp-json\/wp\/v2\/comments?post=1982"}],"version-history":[{"count":2,"href":"https:\/\/periodicolarepublica.com\/index.php\/wp-json\/wp\/v2\/posts\/1982\/revisions"}],"predecessor-version":[{"id":1988,"href":"https:\/\/periodicolarepublica.com\/index.php\/wp-json\/wp\/v2\/posts\/1982\/revisions\/1988"}],"wp:featuredmedia":[{"embeddable":true,"href":"https:\/\/periodicolarepublica.com\/index.php\/wp-json\/wp\/v2\/media\/1987"}],"wp:attachment":[{"href":"https:\/\/periodicolarepublica.com\/index.php\/wp-json\/wp\/v2\/media?parent=1982"}],"wp:term":[{"taxonomy":"category","embeddable":true,"href":"https:\/\/periodicolarepublica.com\/index.php\/wp-json\/wp\/v2\/categories?post=1982"},{"taxonomy":"post_tag","embeddable":true,"href":"https:\/\/periodicolarepublica.com\/index.php\/wp-json\/wp\/v2\/tags?post=1982"}],"curies":[{"name":"wp","href":"https:\/\/api.w.org\/{rel}","templated":true}]}}