{"id":1986,"date":"2024-10-31T20:52:14","date_gmt":"2024-10-31T19:52:14","guid":{"rendered":"https:\/\/periodicolarepublica.com\/?p=1986"},"modified":"2024-10-31T20:52:14","modified_gmt":"2024-10-31T19:52:14","slug":"salud-publica-refuerza-acciones-para-controlar-malaria","status":"publish","type":"post","link":"https:\/\/periodicolarepublica.com\/index.php\/2024\/10\/31\/salud-publica-refuerza-acciones-para-controlar-malaria\/","title":{"rendered":"Salud P\u00fablica refuerza acciones para controlar malaria"},"content":{"rendered":"\r\n<p><img loading=\"lazy\" decoding=\"async\" class=\"size-medium wp-image-1580 alignright\" src=\"https:\/\/periodicolarepublica.com\/wp-content\/uploads\/2024\/08\/IMG-20240828-WA0019-300x200.jpg\" alt=\"\" width=\"300\" height=\"200\" srcset=\"https:\/\/periodicolarepublica.com\/wp-content\/uploads\/2024\/08\/IMG-20240828-WA0019-300x200.jpg?v=1724860798 300w, https:\/\/periodicolarepublica.com\/wp-content\/uploads\/2024\/08\/IMG-20240828-WA0019-1024x682.jpg?v=1724860798 1024w, https:\/\/periodicolarepublica.com\/wp-content\/uploads\/2024\/08\/IMG-20240828-WA0019-768x512.jpg?v=1724860798 768w, https:\/\/periodicolarepublica.com\/wp-content\/uploads\/2024\/08\/IMG-20240828-WA0019-1536x1023.jpg?v=1724860798 1536w, https:\/\/periodicolarepublica.com\/wp-content\/uploads\/2024\/08\/IMG-20240828-WA0019-150x100.jpg?v=1724860798 150w, https:\/\/periodicolarepublica.com\/wp-content\/uploads\/2024\/08\/IMG-20240828-WA0019-600x400.jpg?v=1724860798 600w, https:\/\/periodicolarepublica.com\/wp-content\/uploads\/2024\/08\/IMG-20240828-WA0019-696x464.jpg?v=1724860798 696w, https:\/\/periodicolarepublica.com\/wp-content\/uploads\/2024\/08\/IMG-20240828-WA0019-1392x927.jpg?v=1724860798 1392w, https:\/\/periodicolarepublica.com\/wp-content\/uploads\/2024\/08\/IMG-20240828-WA0019-1068x712.jpg?v=1724860798 1068w, https:\/\/periodicolarepublica.com\/wp-content\/uploads\/2024\/08\/IMG-20240828-WA0019.jpg?v=1724860798 1600w\" sizes=\"auto, (max-width: 300px) 100vw, 300px\" \/><\/p>\r\n<p>El Bolet\u00edn Epidemiol\u00f3gico Nacional indica casos de dengue y otras enfermedades contin\u00faan bajo control.<br \/><br \/>Santo Domingo. El Ministerio de Salud P\u00fablica (MSP) a trav\u00e9s de su Direcci\u00f3n de Epidemiolog\u00eda, inform\u00f3 que por medio a la estrategia que desarrolla para la erradicaci\u00f3n de la malaria en el pa\u00eds, se ha dispuesto el reforzamiento de la b\u00fasqueda activa de casos con el objetivo de descartar y determinar una positividad certera de la enfermedad, as\u00ed manejar oportunamente los positivos y continuar encaminando al pa\u00eds a alcanzar la meta propuesta de erradicar la enfermedad. <br \/><br \/>Para alcanzar esta meta de la erradicaci\u00f3n de la malaria al a\u00f1o 2030, en la Rep\u00fablica Dominicana se ha aumentado la cantidad de muestras para detecci\u00f3n, registrando aumento de la positividad de la enfermedad, ya que a mayor n\u00famero muestras tomadas, mayor n\u00famero de casos positivos.<br \/><br \/>Para la presente Semana Epidemiol\u00f3gica (SE) n\u00famero 42, la Direcci\u00f3n de Epidemiolog\u00eda informa mediante su bolet\u00edn que se han notificado 07 casos de malaria confirmados, precisando que este indicador se encuentra dentro de lo esperado para la fecha en comparaci\u00f3n con el pasado a\u00f1o 2023 que se hab\u00edan notificado 11 casos. El acumulado es de 876 casos confirmados, para una incidencia acumulada de 10.16 por cada 100,000 habitantes.<br \/><br \/>El organismo de Salud dominicano recalca que en el pa\u00eds existen dos focos de malaria, espec\u00edficamente en provincias Azua y San Juan, en esto focos se trabaja arduamente desde el Centro de Prevenci\u00f3n y Control de Enfermedades Transmitidas por Vectores y Zoonosis (Cecovez), tanto en la detecci\u00f3n y manejo, as\u00ed como para evitar la aparici\u00f3n de nuevos casos. Subraya que existen factores que influyen en el aumento de la incidencia de la enfermedad, entre estos factores ambientales y la alta demanda de mano de obra migrante en actividades agr\u00edcolas, lo que generado un aumento en el riesgo de transmisi\u00f3n. <br \/><br \/>La instituci\u00f3n tambi\u00e9n indica que con acciones como la orientaci\u00f3n de los comunitarios y trabajadores agr\u00edcolas y la fumigaci\u00f3n se encuentran entre las medidas que ejecutan y contribuyen a la eliminaci\u00f3n del mosquito de la especie Anopheles, responsable de transmisi\u00f3n de la malaria, los cuales colocan sus huevos en \u00e1reas pantanosas o cerca de las orillas de arroyos y riachuelos poco profundos.<br \/><br \/>*Dengue y leptospirosis*<br \/>El Bolet\u00edn Epidemiol\u00f3gico Nacional destaca que para esta Semana Epidemiol\u00f3gica 42 se notificaron tres nuevos casos confirmados de dengue, para un total de 1,192 casos confirmados de la enfermedad en lo que va de a\u00f1o, resaltando que el comportamiento de la incidencia del dengue contin\u00faa en baja, gracias a las acciones del Ministerio de Salud P\u00fablica y otras instituciones.<br \/><br \/>En cuanto a la leptospirosis, se confirm\u00f3 un caso, para una incidencia acumulada de 5.27 por cada 100,000 habitantes por caso.<br \/><br \/>*Virus respiratorios*<br \/>En lo que respecta a los virus respiratorios, por medio a la vigilancia centinela de influenza y otros virus respiratorios que se lleva en Rep\u00fablica Dominicana, se ha podido detectar la circulaci\u00f3n activa de diversos virus respiratorios, predominando la circulaci\u00f3n del virus Sincitial Respiratorio, que responde a un periodo de baja circulaci\u00f3n y volvi\u00f3 a detectarse a partir de la SE-35.<br \/><br \/>*Muertes maternas e infantiles*<br \/>Durante la semana epidemiol\u00f3gica 42, se reportaron dos muertes maternas, ambas de nacionalidad haitiana, se reportan 136 defunciones maternas en lo que va de a\u00f1o. En comparaci\u00f3n al pasado a\u00f1o a la presente semana se hab\u00edan reportado 167 defunciones. Las provincias con mayor n\u00famero de defunciones corresponden a las provincias de Santo Domingo, Santiago y La Altagracia.<br \/><br \/>Asimismo fueron reportadas 32 muertes infantiles, lo que eleva el total acumulado a 1,719 de estas defunciones en el a\u00f1o.<\/p>\r\n","protected":false},"excerpt":{"rendered":"<p>El Bolet\u00edn Epidemiol\u00f3gico Nacional indica casos de dengue y otras enfermedades contin\u00faan bajo control. Santo Domingo. El Ministerio de Salud P\u00fablica (MSP) a trav\u00e9s de su Direcci\u00f3n de Epidemiolog\u00eda, inform\u00f3 que por medio a la estrategia que desarrolla para la erradicaci\u00f3n de la malaria en el pa\u00eds, se ha dispuesto el reforzamiento de la b\u00fasqueda [&hellip;]<\/p>\n","protected":false},"author":10,"featured_media":1580,"comment_status":"open","ping_status":"open","sticky":false,"template":"","format":"standard","meta":{"om_disable_all_campaigns":false,"_monsterinsights_skip_tracking":false,"_monsterinsights_sitenote_active":false,"_monsterinsights_sitenote_note":"","_monsterinsights_sitenote_category":0,"footnotes":""},"categories":[1],"tags":[307],"class_list":{"0":"post-1986","1":"post","2":"type-post","3":"status-publish","4":"format-standard","5":"has-post-thumbnail","7":"category-nacionales","8":"tag-ministerio-de-salud-publica"},"aioseo_notices":[],"_links":{"self":[{"href":"https:\/\/periodicolarepublica.com\/index.php\/wp-json\/wp\/v2\/posts\/1986","targetHints":{"allow":["GET"]}}],"collection":[{"href":"https:\/\/periodicolarepublica.com\/index.php\/wp-json\/wp\/v2\/posts"}],"about":[{"href":"https:\/\/periodicolarepublica.com\/index.php\/wp-json\/wp\/v2\/types\/post"}],"author":[{"embeddable":true,"href":"https:\/\/periodicolarepublica.com\/index.php\/wp-json\/wp\/v2\/users\/10"}],"replies":[{"embeddable":true,"href":"https:\/\/periodicolarepublica.com\/index.php\/wp-json\/wp\/v2\/comments?post=1986"}],"version-history":[{"count":2,"href":"https:\/\/periodicolarepublica.com\/index.php\/wp-json\/wp\/v2\/posts\/1986\/revisions"}],"predecessor-version":[{"id":2001,"href":"https:\/\/periodicolarepublica.com\/index.php\/wp-json\/wp\/v2\/posts\/1986\/revisions\/2001"}],"wp:featuredmedia":[{"embeddable":true,"href":"https:\/\/periodicolarepublica.com\/index.php\/wp-json\/wp\/v2\/media\/1580"}],"wp:attachment":[{"href":"https:\/\/periodicolarepublica.com\/index.php\/wp-json\/wp\/v2\/media?parent=1986"}],"wp:term":[{"taxonomy":"category","embeddable":true,"href":"https:\/\/periodicolarepublica.com\/index.php\/wp-json\/wp\/v2\/categories?post=1986"},{"taxonomy":"post_tag","embeddable":true,"href":"https:\/\/periodicolarepublica.com\/index.php\/wp-json\/wp\/v2\/tags?post=1986"}],"curies":[{"name":"wp","href":"https:\/\/api.w.org\/{rel}","templated":true}]}}