{"id":1989,"date":"2024-10-31T14:26:43","date_gmt":"2024-10-31T13:26:43","guid":{"rendered":"https:\/\/periodicolarepublica.com\/?p=1989"},"modified":"2024-10-31T14:26:43","modified_gmt":"2024-10-31T13:26:43","slug":"edificio-vista-311-sede-ogtic-pionero-en-sostenibilidad-y-modernidad-en-rd","status":"publish","type":"post","link":"https:\/\/periodicolarepublica.com\/index.php\/2024\/10\/31\/edificio-vista-311-sede-ogtic-pionero-en-sostenibilidad-y-modernidad-en-rd\/","title":{"rendered":"Edificio Vista 311, sede OGTIC. Pionero en Sostenibilidad y Modernidad en RD"},"content":{"rendered":"<p>La Rep\u00fablica Dominicana se siguen dando pasos significativos hacia la sostenibilidad y la eficiencia energ\u00e9tica como lo es el edificio Vista 311, sede de la Oficina Gubernamental de Tecnolog\u00eda de la Informaci\u00f3n y la Comunicaci\u00f3n (OGTIC).<\/p>\n<p>Este moderno complejo no solo representa un hito arquitect\u00f3nico, sino que establece un nuevo est\u00e1ndar en la construcci\u00f3n inteligente y responsable con el medio ambiente.<\/p>\n<p><img loading=\"lazy\" decoding=\"async\" class=\"alignnone size-medium wp-image-1990\" src=\"https:\/\/periodicolarepublica.com\/wp-content\/uploads\/2024\/10\/Picsart_24-10-31_09-18-54-330-300x182.jpg\" alt=\"\" width=\"300\" height=\"182\" srcset=\"https:\/\/periodicolarepublica.com\/wp-content\/uploads\/2024\/10\/Picsart_24-10-31_09-18-54-330-300x182.jpg?v=1730381103 300w, https:\/\/periodicolarepublica.com\/wp-content\/uploads\/2024\/10\/Picsart_24-10-31_09-18-54-330-1024x621.jpg?v=1730381103 1024w, https:\/\/periodicolarepublica.com\/wp-content\/uploads\/2024\/10\/Picsart_24-10-31_09-18-54-330-768x466.jpg?v=1730381103 768w, https:\/\/periodicolarepublica.com\/wp-content\/uploads\/2024\/10\/Picsart_24-10-31_09-18-54-330-1536x931.jpg?v=1730381103 1536w, https:\/\/periodicolarepublica.com\/wp-content\/uploads\/2024\/10\/Picsart_24-10-31_09-18-54-330-150x91.jpg?v=1730381103 150w, https:\/\/periodicolarepublica.com\/wp-content\/uploads\/2024\/10\/Picsart_24-10-31_09-18-54-330-600x364.jpg?v=1730381103 600w, https:\/\/periodicolarepublica.com\/wp-content\/uploads\/2024\/10\/Picsart_24-10-31_09-18-54-330-696x422.jpg?v=1730381103 696w, https:\/\/periodicolarepublica.com\/wp-content\/uploads\/2024\/10\/Picsart_24-10-31_09-18-54-330-1392x844.jpg?v=1730381103 1392w, https:\/\/periodicolarepublica.com\/wp-content\/uploads\/2024\/10\/Picsart_24-10-31_09-18-54-330-1068x648.jpg?v=1730381103 1068w, https:\/\/periodicolarepublica.com\/wp-content\/uploads\/2024\/10\/Picsart_24-10-31_09-18-54-330.jpg?v=1730381103 1781w\" sizes=\"auto, (max-width: 300px) 100vw, 300px\" \/><\/p>\n<p>Vista 311 primer edificio en el pa\u00eds con un techo verde, que abarca 400 m\u00b2 distribuidos entre un Green Garden de 200 m\u00b2 y un Sky Garden de 190 m\u00b2. Esta innovadora medida ayuda a reponer en un 60% la huella de carbono del edificio, contribuyendo a la conservaci\u00f3n del ambiente y al bienestar urbano.<\/p>\n<p>Dise\u00f1ado con una estructura antis\u00edsmica que cumple con las normativas nacionales e internacionales, Vista 311 asegura la seguridad de sus ocupantes y la integridad de las instalaciones. Adem\u00e1s, su fachada ventilada y el uso de paneles solares configuran un espacio no solo est\u00e9tico, sino tambi\u00e9n funcional, orientado a la optimizaci\u00f3n de la energ\u00eda y a maximizar las vistas panor\u00e1micas desde todos los niveles.<\/p>\n<p>El edificio ofrece seis niveles de estacionamiento equipados con cargadores para veh\u00edculos el\u00e9ctricos, adem\u00e1s de contar con un completo sistema de seguridad que incluye las c\u00e1maras, control de acceso y medidas contra los incendios.<\/p>\n<p style=\"text-align: center;\">El lobby tambi\u00e9n presenta una hermosa doble altura, completamente amueblado y climatizado, proporcionando un recibimiento a la altura de la modernidad que representa este edificio.<\/p>\n<p>La OGTIC, a trav\u00e9s del alquiler de este edificio, busca optimizar los recursos p\u00fablicos, mediante contrato de arrendamiento, establecido por diez a\u00f1os, permite que los fondos ahorrados se destinen a proyectos esenciales en salud, educaci\u00f3n e infraestructura, un enfoque que promueve un uso m\u00e1s responsable y eficiente del capital p\u00fablico.<\/p>\n<p>La propiedad del edificio Vista 311 recae en el Fondo de Inversi\u00f3n Cerrado Inmobiliario Reservas I, administrado por la Sociedad Administradora de Fondos de Inversi\u00f3n del Grupo Reservas. Este modelo de operaci\u00f3n llave en mano evita que el Estado tenga que desembolsar grandes sumas para adquirir inmuebles, asegurando que los beneficios provenientes de esta inversi\u00f3n regresen, directamente, a los fondos de pensiones de los trabajadores dominicanos.<\/p>\n<p>En un momento donde la eficiencia energ\u00e9tica y la sostenibilidad son m\u00e1s relevantes que nunca, el edificio Vista 311 se erige como un s\u00edmbolo de progreso y responsabilidad, marcando un rumbo hacia un futuro m\u00e1s verde y eficiente en la Rep\u00fablica Dominicana.<\/p>\n","protected":false},"excerpt":{"rendered":"<p>La Rep\u00fablica Dominicana se siguen dando pasos significativos hacia la sostenibilidad y la eficiencia energ\u00e9tica como lo es el edificio Vista 311, sede de la Oficina Gubernamental de Tecnolog\u00eda de la Informaci\u00f3n y la Comunicaci\u00f3n (OGTIC). Este moderno complejo no solo representa un hito arquitect\u00f3nico, sino que establece un nuevo est\u00e1ndar en la construcci\u00f3n inteligente [&hellip;]<\/p>\n","protected":false},"author":1,"featured_media":1990,"comment_status":"open","ping_status":"open","sticky":false,"template":"","format":"standard","meta":{"om_disable_all_campaigns":false,"_monsterinsights_skip_tracking":false,"_monsterinsights_sitenote_active":false,"_monsterinsights_sitenote_note":"","_monsterinsights_sitenote_category":0,"footnotes":""},"categories":[1],"tags":[],"class_list":{"0":"post-1989","1":"post","2":"type-post","3":"status-publish","4":"format-standard","5":"has-post-thumbnail","7":"category-nacionales"},"aioseo_notices":[],"_links":{"self":[{"href":"https:\/\/periodicolarepublica.com\/index.php\/wp-json\/wp\/v2\/posts\/1989","targetHints":{"allow":["GET"]}}],"collection":[{"href":"https:\/\/periodicolarepublica.com\/index.php\/wp-json\/wp\/v2\/posts"}],"about":[{"href":"https:\/\/periodicolarepublica.com\/index.php\/wp-json\/wp\/v2\/types\/post"}],"author":[{"embeddable":true,"href":"https:\/\/periodicolarepublica.com\/index.php\/wp-json\/wp\/v2\/users\/1"}],"replies":[{"embeddable":true,"href":"https:\/\/periodicolarepublica.com\/index.php\/wp-json\/wp\/v2\/comments?post=1989"}],"version-history":[{"count":1,"href":"https:\/\/periodicolarepublica.com\/index.php\/wp-json\/wp\/v2\/posts\/1989\/revisions"}],"predecessor-version":[{"id":1991,"href":"https:\/\/periodicolarepublica.com\/index.php\/wp-json\/wp\/v2\/posts\/1989\/revisions\/1991"}],"wp:featuredmedia":[{"embeddable":true,"href":"https:\/\/periodicolarepublica.com\/index.php\/wp-json\/wp\/v2\/media\/1990"}],"wp:attachment":[{"href":"https:\/\/periodicolarepublica.com\/index.php\/wp-json\/wp\/v2\/media?parent=1989"}],"wp:term":[{"taxonomy":"category","embeddable":true,"href":"https:\/\/periodicolarepublica.com\/index.php\/wp-json\/wp\/v2\/categories?post=1989"},{"taxonomy":"post_tag","embeddable":true,"href":"https:\/\/periodicolarepublica.com\/index.php\/wp-json\/wp\/v2\/tags?post=1989"}],"curies":[{"name":"wp","href":"https:\/\/api.w.org\/{rel}","templated":true}]}}