{"id":1992,"date":"2024-10-31T14:32:36","date_gmt":"2024-10-31T13:32:36","guid":{"rendered":"https:\/\/periodicolarepublica.com\/?p=1992"},"modified":"2024-10-31T14:32:36","modified_gmt":"2024-10-31T13:32:36","slug":"alcaldia-del-dn-reacondiciona-cementerios-por-el-dia-de-los-fieles-difuntos","status":"publish","type":"post","link":"https:\/\/periodicolarepublica.com\/index.php\/2024\/10\/31\/alcaldia-del-dn-reacondiciona-cementerios-por-el-dia-de-los-fieles-difuntos\/","title":{"rendered":"Alcald\u00eda del DN reacondiciona cementerios por el D\u00eda de los Fieles Difuntos"},"content":{"rendered":"<p>El operativo se suma a las labores permanentes que mantiene la Direcci\u00f3n de Servicios P\u00fablicos en los camposantos<\/p>\n<p>Santo Domingo, DN \u2013 Con motivo a la conmemoraci\u00f3n del D\u00eda de los Fieles Difuntos, la Alcald\u00eda del Distrito Nacional intensific\u00f3 las acostumbradas labores de acondicionamiento de los cementerios de la capital, para que estos se encuentren en condiciones \u00f3ptimas para recibir a quienes visitan las tumbas de sus seres queridos.<\/p>\n<p><img loading=\"lazy\" decoding=\"async\" class=\"alignnone size-medium wp-image-1993\" src=\"https:\/\/periodicolarepublica.com\/wp-content\/uploads\/2024\/10\/IMG-20241031-WA0008-228x300.jpg\" alt=\"\" width=\"228\" height=\"300\" srcset=\"https:\/\/periodicolarepublica.com\/wp-content\/uploads\/2024\/10\/IMG-20241031-WA0008-228x300.jpg?v=1730381528 228w, https:\/\/periodicolarepublica.com\/wp-content\/uploads\/2024\/10\/IMG-20241031-WA0008-779x1024.jpg?v=1730381528 779w, https:\/\/periodicolarepublica.com\/wp-content\/uploads\/2024\/10\/IMG-20241031-WA0008-768x1010.jpg?v=1730381528 768w, https:\/\/periodicolarepublica.com\/wp-content\/uploads\/2024\/10\/IMG-20241031-WA0008-1168x1536.jpg?v=1730381528 1168w, https:\/\/periodicolarepublica.com\/wp-content\/uploads\/2024\/10\/IMG-20241031-WA0008-150x197.jpg?v=1730381528 150w, https:\/\/periodicolarepublica.com\/wp-content\/uploads\/2024\/10\/IMG-20241031-WA0008-300x394.jpg?v=1730381528 300w, https:\/\/periodicolarepublica.com\/wp-content\/uploads\/2024\/10\/IMG-20241031-WA0008-600x789.jpg?v=1730381528 600w, https:\/\/periodicolarepublica.com\/wp-content\/uploads\/2024\/10\/IMG-20241031-WA0008-696x915.jpg?v=1730381528 696w, https:\/\/periodicolarepublica.com\/wp-content\/uploads\/2024\/10\/IMG-20241031-WA0008-1068x1404.jpg?v=1730381528 1068w, https:\/\/periodicolarepublica.com\/wp-content\/uploads\/2024\/10\/IMG-20241031-WA0008.jpg?v=1730381528 1217w\" sizes=\"auto, (max-width: 228px) 100vw, 228px\" \/><\/p>\n<p>El Cementerio Nacional M\u00e1ximo G\u00f3mez, el Cristo Rey y el Cristo Redentor fueron impactados con labores de limpieza en general, chapeo, trimeo, poda, resaneamiento de contenes, pintura en las entradas, oficinas y los espacios en los parqueos.<\/p>\n<p>La directora de Servicios P\u00fablicos de la Alcald\u00eda del Distrito Nacional, Pamela Mart\u00ednez, sostuvo que la acci\u00f3n busca dotar de una mayor dignidad a los camposantos previo a la gran cantidad de familiares y allegados que los visitar\u00e1n por el D\u00eda de los Fieles Difuntos.<\/p>\n<p>\u201cNos encontramos en un operativo intenso de limpieza, recogida de escombros y de basuras\u201d, sostuvo la funcionaria municipal, al apuntar que la serie de operativos se han venido realizando en las \u00faltimas semanas, con miras a alistar los camposantos antes del d\u00eda dos de noviembre.<\/p>\n<p>Mart\u00ednez aprovech\u00f3 la ocasi\u00f3n para llamar a la ciudadan\u00eda a apersonarse a los distintos cementerios para acondicionar los panteones de sus seres queridos, ya que muchos se encuentran en estado de abandono.<\/p>\n<p>La alcaldesa Carolina Mej\u00eda ha reiterado la importancia de los cementerios en momentos de despedir f\u00edsicamente a los seres queridos, as\u00ed como en el tributo que se les rinde al visitar las tumbas.<\/p>\n","protected":false},"excerpt":{"rendered":"<p>El operativo se suma a las labores permanentes que mantiene la Direcci\u00f3n de Servicios P\u00fablicos en los camposantos Santo Domingo, DN \u2013 Con motivo a la conmemoraci\u00f3n del D\u00eda de los Fieles Difuntos, la Alcald\u00eda del Distrito Nacional intensific\u00f3 las acostumbradas labores de acondicionamiento de los cementerios de la capital, para que estos se encuentren [&hellip;]<\/p>\n","protected":false},"author":6,"featured_media":1993,"comment_status":"open","ping_status":"open","sticky":false,"template":"","format":"standard","meta":{"om_disable_all_campaigns":false,"_monsterinsights_skip_tracking":false,"_monsterinsights_sitenote_active":false,"_monsterinsights_sitenote_note":"","_monsterinsights_sitenote_category":0,"footnotes":""},"categories":[1],"tags":[],"class_list":{"0":"post-1992","1":"post","2":"type-post","3":"status-publish","4":"format-standard","5":"has-post-thumbnail","7":"category-nacionales"},"aioseo_notices":[],"_links":{"self":[{"href":"https:\/\/periodicolarepublica.com\/index.php\/wp-json\/wp\/v2\/posts\/1992","targetHints":{"allow":["GET"]}}],"collection":[{"href":"https:\/\/periodicolarepublica.com\/index.php\/wp-json\/wp\/v2\/posts"}],"about":[{"href":"https:\/\/periodicolarepublica.com\/index.php\/wp-json\/wp\/v2\/types\/post"}],"author":[{"embeddable":true,"href":"https:\/\/periodicolarepublica.com\/index.php\/wp-json\/wp\/v2\/users\/6"}],"replies":[{"embeddable":true,"href":"https:\/\/periodicolarepublica.com\/index.php\/wp-json\/wp\/v2\/comments?post=1992"}],"version-history":[{"count":1,"href":"https:\/\/periodicolarepublica.com\/index.php\/wp-json\/wp\/v2\/posts\/1992\/revisions"}],"predecessor-version":[{"id":1994,"href":"https:\/\/periodicolarepublica.com\/index.php\/wp-json\/wp\/v2\/posts\/1992\/revisions\/1994"}],"wp:featuredmedia":[{"embeddable":true,"href":"https:\/\/periodicolarepublica.com\/index.php\/wp-json\/wp\/v2\/media\/1993"}],"wp:attachment":[{"href":"https:\/\/periodicolarepublica.com\/index.php\/wp-json\/wp\/v2\/media?parent=1992"}],"wp:term":[{"taxonomy":"category","embeddable":true,"href":"https:\/\/periodicolarepublica.com\/index.php\/wp-json\/wp\/v2\/categories?post=1992"},{"taxonomy":"post_tag","embeddable":true,"href":"https:\/\/periodicolarepublica.com\/index.php\/wp-json\/wp\/v2\/tags?post=1992"}],"curies":[{"name":"wp","href":"https:\/\/api.w.org\/{rel}","templated":true}]}}