{"id":2003,"date":"2024-11-04T19:00:34","date_gmt":"2024-11-04T18:00:34","guid":{"rendered":"https:\/\/periodicolarepublica.com\/?p=2003"},"modified":"2024-11-04T19:00:34","modified_gmt":"2024-11-04T18:00:34","slug":"tomas-hernandez-alberto-reitera-su-apoyo-a-la-soberania-y-la-politica-migratoria-del-gobierno","status":"publish","type":"post","link":"https:\/\/periodicolarepublica.com\/index.php\/2024\/11\/04\/tomas-hernandez-alberto-reitera-su-apoyo-a-la-soberania-y-la-politica-migratoria-del-gobierno\/","title":{"rendered":"\u00abTom\u00e1s Hern\u00e1ndez Alberto. Reitera Su Apoyo a la Soberan\u00eda y la Pol\u00edtica Migratoria del Gobierno\u00bb"},"content":{"rendered":"\r\n<p><img loading=\"lazy\" decoding=\"async\" class=\"alignnone size-medium wp-image-1956\" src=\"https:\/\/periodicolarepublica.com\/wp-content\/uploads\/2024\/10\/IMG_20241010_113753-300x199.jpg\" alt=\"\" width=\"300\" height=\"199\" srcset=\"https:\/\/periodicolarepublica.com\/wp-content\/uploads\/2024\/10\/IMG_20241010_113753-300x199.jpg?v=1729606685 300w, https:\/\/periodicolarepublica.com\/wp-content\/uploads\/2024\/10\/IMG_20241010_113753-1024x680.jpg?v=1729606685 1024w, https:\/\/periodicolarepublica.com\/wp-content\/uploads\/2024\/10\/IMG_20241010_113753-768x510.jpg?v=1729606685 768w, https:\/\/periodicolarepublica.com\/wp-content\/uploads\/2024\/10\/IMG_20241010_113753-1536x1020.jpg?v=1729606685 1536w, https:\/\/periodicolarepublica.com\/wp-content\/uploads\/2024\/10\/IMG_20241010_113753-150x100.jpg?v=1729606685 150w, https:\/\/periodicolarepublica.com\/wp-content\/uploads\/2024\/10\/IMG_20241010_113753-600x398.jpg?v=1729606685 600w, https:\/\/periodicolarepublica.com\/wp-content\/uploads\/2024\/10\/IMG_20241010_113753-696x462.jpg?v=1729606685 696w, https:\/\/periodicolarepublica.com\/wp-content\/uploads\/2024\/10\/IMG_20241010_113753-1392x924.jpg?v=1729606685 1392w, https:\/\/periodicolarepublica.com\/wp-content\/uploads\/2024\/10\/IMG_20241010_113753-1068x709.jpg?v=1729606685 1068w, https:\/\/periodicolarepublica.com\/wp-content\/uploads\/2024\/10\/IMG_20241010_113753-1920x1275.jpg?v=1729606685 1920w, https:\/\/periodicolarepublica.com\/wp-content\/uploads\/2024\/10\/IMG_20241010_113753.jpg?v=1729606685 2048w\" sizes=\"auto, (max-width: 300px) 100vw, 300px\" \/>Santo Domingo \u2013 En un contexto donde la soberan\u00eda nacional y la libertad son temas de vital importancia, Tom\u00e1s Hern\u00e1ndez Alberto, presidente del Movimiento Poder P&#8217;AL Pueblo, ha manifestado su firme compromiso con la defensa de estos valores fundamentales. \u00abLa libertad y la soberan\u00eda nacional son esenciales para nuestro pueblo, y es nuestra responsabilidad protegerlas ante cualquier adversidad\u00bb, declar\u00f3 Hern\u00e1ndez Alberto en una reciente rueda de prensa.<br \/><br \/>El l\u00edder del movimiento pol\u00edtico destac\u00f3 que, en la actualidad, el enfoque de la pol\u00edtica migratoria hacia Hait\u00ed es crucial para garantizar la estabilidad de la regi\u00f3n. \u00abApoyamos la trayectoria que hemos asumido a trav\u00e9s del presidente Luis Abinader, quien ha demostrado una clara visi\u00f3n sobre c\u00f3mo manejar las relaciones con nuestros vecinos\u00bb, afirm\u00f3.<br \/><br \/>Hern\u00e1ndez Alberto subray\u00f3 que el apoyo a la pol\u00edtica migratoria del presidente Abinader no es solo una cuesti\u00f3n de inter\u00e9s nacional, sino un principio que prioriza la seguridad y el bienestar del pueblo dominicano. \u00abCualquier otro inter\u00e9s que surja en este contexto es subalterno al inter\u00e9s de la libertad y la soberan\u00eda\u00bb, agreg\u00f3.<br \/><br \/>El presidente del Movimiento Poder P&#8217;AL Pueblo tambi\u00e9n hizo hincapi\u00e9 en la importancia de mantener un di\u00e1logo constructivo con Hait\u00ed, pero siempre desde una posici\u00f3n de respeto y defensa de los derechos soberanos de la Rep\u00fablica Dominicana. \u00abEs vital que nuestras decisiones est\u00e9n alineadas con la protecci\u00f3n de nuestra naci\u00f3n y de nuestros ciudadanos\u00bb, expres\u00f3.<br \/><br \/>Asimismo, Hern\u00e1ndez Alberto inst\u00f3 a otros l\u00edderes y movimientos pol\u00edticos a unirse en la defensa de estos principios, destacando que la unidad es clave para enfrentar los desaf\u00edos actuales. \u00abSolo juntos podremos asegurar un futuro de prosperidad y estabilidad para nuestro pueblo\u00bb, afirm\u00f3.<br \/><br \/>\u00abNuestro compromiso con la soberan\u00eda y la libertad es inquebrantable. Aplaudimos las acciones del presidente Abinader y reafirmamos nuestra disposici\u00f3n a colaborar en pro de una pol\u00edtica migratoria que beneficie a la naci\u00f3n\u00bb, concluy\u00f3 Tom\u00e1s Hern\u00e1ndez Alberto.<\/p>\r\n","protected":false},"excerpt":{"rendered":"<p>Santo Domingo \u2013 En un contexto donde la soberan\u00eda nacional y la libertad son temas de vital importancia, Tom\u00e1s Hern\u00e1ndez Alberto, presidente del Movimiento Poder P&#8217;AL Pueblo, ha manifestado su firme compromiso con la defensa de estos valores fundamentales. \u00abLa libertad y la soberan\u00eda nacional son esenciales para nuestro pueblo, y es nuestra responsabilidad protegerlas [&hellip;]<\/p>\n","protected":false},"author":10,"featured_media":1956,"comment_status":"open","ping_status":"open","sticky":false,"template":"","format":"standard","meta":{"om_disable_all_campaigns":false,"_monsterinsights_skip_tracking":false,"_monsterinsights_sitenote_active":false,"_monsterinsights_sitenote_note":"","_monsterinsights_sitenote_category":0,"footnotes":""},"categories":[1],"tags":[319,163],"class_list":{"0":"post-2003","1":"post","2":"type-post","3":"status-publish","4":"format-standard","5":"has-post-thumbnail","7":"category-nacionales","8":"tag-poder-pal-pueblo","9":"tag-tomas-hernandez-alberto"},"aioseo_notices":[],"_links":{"self":[{"href":"https:\/\/periodicolarepublica.com\/index.php\/wp-json\/wp\/v2\/posts\/2003","targetHints":{"allow":["GET"]}}],"collection":[{"href":"https:\/\/periodicolarepublica.com\/index.php\/wp-json\/wp\/v2\/posts"}],"about":[{"href":"https:\/\/periodicolarepublica.com\/index.php\/wp-json\/wp\/v2\/types\/post"}],"author":[{"embeddable":true,"href":"https:\/\/periodicolarepublica.com\/index.php\/wp-json\/wp\/v2\/users\/10"}],"replies":[{"embeddable":true,"href":"https:\/\/periodicolarepublica.com\/index.php\/wp-json\/wp\/v2\/comments?post=2003"}],"version-history":[{"count":2,"href":"https:\/\/periodicolarepublica.com\/index.php\/wp-json\/wp\/v2\/posts\/2003\/revisions"}],"predecessor-version":[{"id":2010,"href":"https:\/\/periodicolarepublica.com\/index.php\/wp-json\/wp\/v2\/posts\/2003\/revisions\/2010"}],"wp:featuredmedia":[{"embeddable":true,"href":"https:\/\/periodicolarepublica.com\/index.php\/wp-json\/wp\/v2\/media\/1956"}],"wp:attachment":[{"href":"https:\/\/periodicolarepublica.com\/index.php\/wp-json\/wp\/v2\/media?parent=2003"}],"wp:term":[{"taxonomy":"category","embeddable":true,"href":"https:\/\/periodicolarepublica.com\/index.php\/wp-json\/wp\/v2\/categories?post=2003"},{"taxonomy":"post_tag","embeddable":true,"href":"https:\/\/periodicolarepublica.com\/index.php\/wp-json\/wp\/v2\/tags?post=2003"}],"curies":[{"name":"wp","href":"https:\/\/api.w.org\/{rel}","templated":true}]}}