{"id":2009,"date":"2024-11-04T22:55:53","date_gmt":"2024-11-04T21:55:53","guid":{"rendered":"https:\/\/periodicolarepublica.com\/?p=2009"},"modified":"2024-11-04T22:55:53","modified_gmt":"2024-11-04T21:55:53","slug":"ministerio-de-salud-publica-informa-estrategias-para-combatir-enfermedades-en-temporada-de-lluvias","status":"publish","type":"post","link":"https:\/\/periodicolarepublica.com\/index.php\/2024\/11\/04\/ministerio-de-salud-publica-informa-estrategias-para-combatir-enfermedades-en-temporada-de-lluvias\/","title":{"rendered":"Ministerio de Salud P\u00fablica Informa Estrategias para Combatir Enfermedades en Temporada de Lluvias"},"content":{"rendered":"\r\n<p><img loading=\"lazy\" decoding=\"async\" class=\"size-medium wp-image-2019 alignright\" src=\"https:\/\/periodicolarepublica.com\/wp-content\/uploads\/2024\/11\/20241104_175346-300x231.jpg\" alt=\"\" width=\"300\" height=\"231\" srcset=\"https:\/\/periodicolarepublica.com\/wp-content\/uploads\/2024\/11\/20241104_175346-300x231.jpg?v=1730757335 300w, https:\/\/periodicolarepublica.com\/wp-content\/uploads\/2024\/11\/20241104_175346-150x115.jpg?v=1730757335 150w, https:\/\/periodicolarepublica.com\/wp-content\/uploads\/2024\/11\/20241104_175346.jpg?v=1730757335 530w\" sizes=\"auto, (max-width: 300px) 100vw, 300px\" \/>Santo Domingo, \u2013 El Ministro de Salud P\u00fablica, Dr. V\u00edctor Atallah, anunci\u00f3 en la tarde de hoy durante la presentaci\u00f3n de \u00abLa Semanal\u00bb, un programa impulsado por el presidente Luis Abinader, la implementaci\u00f3n de medidas estrat\u00e9gicas para hacer frente a las enfermedades que suelen surgir durante la temporada de lluvias.<br \/><br \/>Atallah destac\u00f3 que, en cada provincia del pa\u00eds, se ha establecido una mesa de trabajo que involucra a diversos organismos de emergencia, incluyendo el Centro de Operaciones de Emergencia (COE). Esta colaboraci\u00f3n interinstitucional busca asegurar una respuesta r\u00e1pida y eficaz ante posibles brotes de enfermedades.<br \/><br \/>El ministro subray\u00f3 la importancia de la coordinaci\u00f3n entre las diferentes instituciones, afirmando que \u00abtrabajamos de manera conjunta en equipos para enfrentar los desaf\u00edos que nos presenta la temporada de lluvias\u00bb. Esta estrategia integral permitir\u00e1 un abordaje m\u00e1s efectivo en la prevenci\u00f3n y control de enfermedades.<br \/><br \/>Entre las principales preocupaciones, se encuentra el dengue, enfermedad que se intensifica con la llegada de las lluvias. \u00abEstamos en el primer lugar de erradicaci\u00f3n de este mosquito gracias al esfuerzo conjunto que se ha realizado\u00bb, asegur\u00f3 Atallah, resaltando los logros alcanzados hasta la fecha.<br \/><br \/>El Dr. Atallah tambi\u00e9n indic\u00f3 que se est\u00e1n preparando todas las unidades m\u00e9dicas del pa\u00eds para atender cualquier eventualidad. Esto incluye la capacitaci\u00f3n del personal de salud y el fortalecimiento de los recursos disponibles en los hospitales y centros de atenci\u00f3n primaria.<br \/><br \/>Adem\u00e1s, se llevar\u00e1n a cabo levantamientos epidemiol\u00f3gicos en las comunidades m\u00e1s afectadas para identificar y mitigar los riesgos. Esta acci\u00f3n permitir\u00e1 a las autoridades de salud tener un panorama claro de la situaci\u00f3n y actuar de manera proactiva.<br \/><br \/>El ministro hizo un llamado a la poblaci\u00f3n para que se sume a los esfuerzos de prevenci\u00f3n, destacando la importancia de mantener los hogares limpios y libres de criaderos de mosquitos. \u00abLa colaboraci\u00f3n de cada ciudadano es fundamental para el \u00e9xito de estas iniciativas\u00bb, enfatiz\u00f3.<br \/><br \/>Asimismo, se est\u00e1n programando campa\u00f1as de educaci\u00f3n y sensibilizaci\u00f3n para informar a la poblaci\u00f3n sobre las medidas preventivas que deben adoptarse durante esta temporada. La comunicaci\u00f3n efectiva es clave para reducir la incidencia de enfermedades.<br \/><br \/>El Dr. V\u00edctor Atallah concluy\u00f3 su intervenci\u00f3n reafirmando el compromiso del Ministerio de Salud P\u00fablica con la salud y bienestar de la poblaci\u00f3n. \u00abJuntos, con esfuerzo y dedicaci\u00f3n, podemos enfrentar estos retos y proteger nuestra comunidad\u00bb, finaliz\u00f3.<\/p>\r\n","protected":false},"excerpt":{"rendered":"<p>Santo Domingo, \u2013 El Ministro de Salud P\u00fablica, Dr. V\u00edctor Atallah, anunci\u00f3 en la tarde de hoy durante la presentaci\u00f3n de \u00abLa Semanal\u00bb, un programa impulsado por el presidente Luis Abinader, la implementaci\u00f3n de medidas estrat\u00e9gicas para hacer frente a las enfermedades que suelen surgir durante la temporada de lluvias. Atallah destac\u00f3 que, en cada [&hellip;]<\/p>\n","protected":false},"author":10,"featured_media":2019,"comment_status":"open","ping_status":"open","sticky":false,"template":"","format":"standard","meta":{"om_disable_all_campaigns":false,"_monsterinsights_skip_tracking":false,"_monsterinsights_sitenote_active":false,"_monsterinsights_sitenote_note":"","_monsterinsights_sitenote_category":0,"footnotes":""},"categories":[1],"tags":[159],"class_list":{"0":"post-2009","1":"post","2":"type-post","3":"status-publish","4":"format-standard","5":"has-post-thumbnail","7":"category-nacionales","8":"tag-ministro-de-salud-publica-victor-atallah"},"aioseo_notices":[],"_links":{"self":[{"href":"https:\/\/periodicolarepublica.com\/index.php\/wp-json\/wp\/v2\/posts\/2009","targetHints":{"allow":["GET"]}}],"collection":[{"href":"https:\/\/periodicolarepublica.com\/index.php\/wp-json\/wp\/v2\/posts"}],"about":[{"href":"https:\/\/periodicolarepublica.com\/index.php\/wp-json\/wp\/v2\/types\/post"}],"author":[{"embeddable":true,"href":"https:\/\/periodicolarepublica.com\/index.php\/wp-json\/wp\/v2\/users\/10"}],"replies":[{"embeddable":true,"href":"https:\/\/periodicolarepublica.com\/index.php\/wp-json\/wp\/v2\/comments?post=2009"}],"version-history":[{"count":2,"href":"https:\/\/periodicolarepublica.com\/index.php\/wp-json\/wp\/v2\/posts\/2009\/revisions"}],"predecessor-version":[{"id":2020,"href":"https:\/\/periodicolarepublica.com\/index.php\/wp-json\/wp\/v2\/posts\/2009\/revisions\/2020"}],"wp:featuredmedia":[{"embeddable":true,"href":"https:\/\/periodicolarepublica.com\/index.php\/wp-json\/wp\/v2\/media\/2019"}],"wp:attachment":[{"href":"https:\/\/periodicolarepublica.com\/index.php\/wp-json\/wp\/v2\/media?parent=2009"}],"wp:term":[{"taxonomy":"category","embeddable":true,"href":"https:\/\/periodicolarepublica.com\/index.php\/wp-json\/wp\/v2\/categories?post=2009"},{"taxonomy":"post_tag","embeddable":true,"href":"https:\/\/periodicolarepublica.com\/index.php\/wp-json\/wp\/v2\/tags?post=2009"}],"curies":[{"name":"wp","href":"https:\/\/api.w.org\/{rel}","templated":true}]}}