{"id":2011,"date":"2024-11-04T20:59:41","date_gmt":"2024-11-04T19:59:41","guid":{"rendered":"https:\/\/periodicolarepublica.com\/?p=2011"},"modified":"2024-11-04T20:59:41","modified_gmt":"2024-11-04T19:59:41","slug":"carolina-mejia-encabeza-reunion-de-seguimiento-del-comite-de-prevencion-mitigacion-y-respuesta-ante-desastres","status":"publish","type":"post","link":"https:\/\/periodicolarepublica.com\/index.php\/2024\/11\/04\/carolina-mejia-encabeza-reunion-de-seguimiento-del-comite-de-prevencion-mitigacion-y-respuesta-ante-desastres\/","title":{"rendered":"Carolina Mej\u00eda encabeza reuni\u00f3n de seguimiento del Comit\u00e9 de Prevenci\u00f3n, Mitigaci\u00f3n y Respuesta ante Desastres"},"content":{"rendered":"<p style=\"text-align: left;\">La alcaldesa recibi\u00f3 detalles de las labores preventivas que se han realizado desde la activaci\u00f3n del comit\u00e9 el pasado mi\u00e9rcoles<\/p>\n<p style=\"text-align: left;\">Santo Domingo, DN &#8211; La alcaldesa Carolina Mej\u00eda encabez\u00f3 una sesi\u00f3n del Comit\u00e9 de Prevenci\u00f3n, Mitigaci\u00f3n y Respuesta ante Desastres del Distrito Nacional para dar seguimiento a las labores que se ejecutan ante los posibles efectos de las lluvias pronosticadas.<\/p>\n<p><img loading=\"lazy\" decoding=\"async\" class=\"alignnone size-medium wp-image-2012\" src=\"https:\/\/periodicolarepublica.com\/wp-content\/uploads\/2024\/11\/IMG-20241104-WA0015-300x200.jpg\" alt=\"\" width=\"300\" height=\"200\" srcset=\"https:\/\/periodicolarepublica.com\/wp-content\/uploads\/2024\/11\/IMG-20241104-WA0015-300x200.jpg?v=1730750355 300w, https:\/\/periodicolarepublica.com\/wp-content\/uploads\/2024\/11\/IMG-20241104-WA0015-1024x682.jpg?v=1730750355 1024w, https:\/\/periodicolarepublica.com\/wp-content\/uploads\/2024\/11\/IMG-20241104-WA0015-768x512.jpg?v=1730750355 768w, https:\/\/periodicolarepublica.com\/wp-content\/uploads\/2024\/11\/IMG-20241104-WA0015-1536x1023.jpg?v=1730750355 1536w, https:\/\/periodicolarepublica.com\/wp-content\/uploads\/2024\/11\/IMG-20241104-WA0015-150x100.jpg?v=1730750355 150w, https:\/\/periodicolarepublica.com\/wp-content\/uploads\/2024\/11\/IMG-20241104-WA0015-600x400.jpg?v=1730750355 600w, https:\/\/periodicolarepublica.com\/wp-content\/uploads\/2024\/11\/IMG-20241104-WA0015-696x464.jpg?v=1730750355 696w, https:\/\/periodicolarepublica.com\/wp-content\/uploads\/2024\/11\/IMG-20241104-WA0015-1392x927.jpg?v=1730750355 1392w, https:\/\/periodicolarepublica.com\/wp-content\/uploads\/2024\/11\/IMG-20241104-WA0015-1068x712.jpg?v=1730750355 1068w, https:\/\/periodicolarepublica.com\/wp-content\/uploads\/2024\/11\/IMG-20241104-WA0015.jpg?v=1730750355 1600w\" sizes=\"auto, (max-width: 300px) 100vw, 300px\" \/><\/p>\n<p style=\"text-align: left;\">La reuni\u00f3n se llev\u00f3 a cabo en el Cuartel General del Cuerpo de Bomberos del Distrito Nacional, donde Mej\u00eda expres\u00f3 que ante el anuncio de un fen\u00f3meno atmosf\u00e9rico hay que tomar todas las medidas posibles, ya que se ha demostrado surgen situaciones inesperadas que traen efectos impredecibles.<\/p>\n<p style=\"text-align: left;\">El pronunciamiento de la alcaldesa se produce a prop\u00f3sito de que las autoridades dan estricto seguimiento a un sistema meteorol\u00f3gico ubicado al sur del Caribe, el cual pronostican podr\u00eda convertirse en tormenta tropical en esta semana y cuyas lluvias afectar\u00edan el territorio nacional.<\/p>\n<p style=\"text-align: left;\">\u201cEl trabajo en equipo, en este caso no solamente dentro de la alcald\u00eda, pero interinstitucional tiene much\u00edsimo valor. Somos m\u00e1s efectivos, eficientes y hacemos una mejor coordinaci\u00f3n\u201d, apunt\u00f3, al felicitar a los presentes por la intensa labor que realizan.<\/p>\n<p style=\"text-align: left;\">Carolina Mej\u00eda hizo la exhortaci\u00f3n de reiterar el mensaje sobre adecuado manejo de los desechos a toda la ciudadan\u00eda en momentos en que se esperan lluvias. En ese sentido, manifest\u00f3 que hay que evitar sacar las fundas con basura a las aceras y frentes de las casas, para que las mismas no sean arrastradas por las aguas y terminen bloqueando los imbornales y filtrantes, provocando inundaciones.<\/p>\n<p style=\"text-align: left;\">Representantes de diversas instituciones gubernamentales y titulares de varias direcciones del ayuntamiento detallaron las labores que de manera preventiva se han incrementado en los \u00faltimos d\u00edas ante el pron\u00f3stico de lluvias. Limpiezas de imbornales, cuneteos, colocaci\u00f3n de vallas, retiro de escombros, concientizaci\u00f3n sobre el manejo de los desechos han sido solo algunas de las acciones de la Alcald\u00eda del Distrito Nacional encaminadas a mitigar los efectos de los posibles de las lluvias.<\/p>\n<p style=\"text-align: left;\">La ejecutiva municipal activ\u00f3 el pasado mi\u00e9rcoles al Comit\u00e9 de Prevenci\u00f3n, Mitigaci\u00f3n y Respuesta ante Desastres, declar\u00e1ndolo en sesi\u00f3n permanente por la presencia de una vaguada y la posibilidad de la formaci\u00f3n de un cicl\u00f3n.<\/p>\n<p style=\"text-align: left;\">Durante la reuni\u00f3n de este lunes participaron representantes del Cuerpo de Bomberos, Ministerio de Salud P\u00fablica, Ministerio de Medio Ambiente, Digesett, Intrant, Defensa Civil, Edesur, Edeeste, as\u00ed como diversas direcciones del cabildo.<\/p>\n","protected":false},"excerpt":{"rendered":"<p>La alcaldesa recibi\u00f3 detalles de las labores preventivas que se han realizado desde la activaci\u00f3n del comit\u00e9 el pasado mi\u00e9rcoles Santo Domingo, DN &#8211; La alcaldesa Carolina Mej\u00eda encabez\u00f3 una sesi\u00f3n del Comit\u00e9 de Prevenci\u00f3n, Mitigaci\u00f3n y Respuesta ante Desastres del Distrito Nacional para dar seguimiento a las labores que se ejecutan ante los posibles [&hellip;]<\/p>\n","protected":false},"author":6,"featured_media":2012,"comment_status":"open","ping_status":"open","sticky":false,"template":"","format":"standard","meta":{"om_disable_all_campaigns":false,"_monsterinsights_skip_tracking":false,"_monsterinsights_sitenote_active":false,"_monsterinsights_sitenote_note":"","_monsterinsights_sitenote_category":0,"footnotes":""},"categories":[1],"tags":[],"class_list":{"0":"post-2011","1":"post","2":"type-post","3":"status-publish","4":"format-standard","5":"has-post-thumbnail","7":"category-nacionales"},"aioseo_notices":[],"_links":{"self":[{"href":"https:\/\/periodicolarepublica.com\/index.php\/wp-json\/wp\/v2\/posts\/2011","targetHints":{"allow":["GET"]}}],"collection":[{"href":"https:\/\/periodicolarepublica.com\/index.php\/wp-json\/wp\/v2\/posts"}],"about":[{"href":"https:\/\/periodicolarepublica.com\/index.php\/wp-json\/wp\/v2\/types\/post"}],"author":[{"embeddable":true,"href":"https:\/\/periodicolarepublica.com\/index.php\/wp-json\/wp\/v2\/users\/6"}],"replies":[{"embeddable":true,"href":"https:\/\/periodicolarepublica.com\/index.php\/wp-json\/wp\/v2\/comments?post=2011"}],"version-history":[{"count":1,"href":"https:\/\/periodicolarepublica.com\/index.php\/wp-json\/wp\/v2\/posts\/2011\/revisions"}],"predecessor-version":[{"id":2013,"href":"https:\/\/periodicolarepublica.com\/index.php\/wp-json\/wp\/v2\/posts\/2011\/revisions\/2013"}],"wp:featuredmedia":[{"embeddable":true,"href":"https:\/\/periodicolarepublica.com\/index.php\/wp-json\/wp\/v2\/media\/2012"}],"wp:attachment":[{"href":"https:\/\/periodicolarepublica.com\/index.php\/wp-json\/wp\/v2\/media?parent=2011"}],"wp:term":[{"taxonomy":"category","embeddable":true,"href":"https:\/\/periodicolarepublica.com\/index.php\/wp-json\/wp\/v2\/categories?post=2011"},{"taxonomy":"post_tag","embeddable":true,"href":"https:\/\/periodicolarepublica.com\/index.php\/wp-json\/wp\/v2\/tags?post=2011"}],"curies":[{"name":"wp","href":"https:\/\/api.w.org\/{rel}","templated":true}]}}