{"id":2014,"date":"2024-11-04T21:53:03","date_gmt":"2024-11-04T20:53:03","guid":{"rendered":"https:\/\/periodicolarepublica.com\/?p=2014"},"modified":"2024-11-04T21:53:03","modified_gmt":"2024-11-04T20:53:03","slug":"alcalde-dio-astacio-y-autoridades-municipales-activan-protocolos-de-seguridad-por-inestabilidad-climatica","status":"publish","type":"post","link":"https:\/\/periodicolarepublica.com\/index.php\/2024\/11\/04\/alcalde-dio-astacio-y-autoridades-municipales-activan-protocolos-de-seguridad-por-inestabilidad-climatica\/","title":{"rendered":"Alcalde D\u00edo Astacio y autoridades municipales activan protocolos de seguridad por inestabilidad clim\u00e1tica"},"content":{"rendered":"<p>Santo Domingo Este.- Ante la situaci\u00f3n clim\u00e1tica actual, marcada por una vaguada asociada a una baja presi\u00f3n que sigue generando incrementos nubosos, tormentas el\u00e9ctricas y r\u00e1fagas de viento aisladas, el alcalde D\u00edo Astacio convoc\u00f3 al Comit\u00e9 de Emergencias, Mitigaci\u00f3n y Riesgo del municipio para coordinar acciones de prevenci\u00f3n y respuesta.<\/p>\n<p>La reuni\u00f3n, realizada en las instalaciones de la alcald\u00eda, estuvo encabezada por el alcalde Astacio y cont\u00f3 con la presencia de la vicealcaldesa \u00c1ngela Henr\u00edquez, directores municipales, y representantes clave de los cuerpos de respuesta como la Defensa Civil, el Cuerpo de Bomberos de Santo Domingo Este y la Polic\u00eda Nacional.<\/p>\n<p><img loading=\"lazy\" decoding=\"async\" class=\"alignnone size-medium wp-image-2015\" src=\"https:\/\/periodicolarepublica.com\/wp-content\/uploads\/2024\/11\/IMG-20241104-WA0017-300x225.jpg\" alt=\"\" width=\"300\" height=\"225\" srcset=\"https:\/\/periodicolarepublica.com\/wp-content\/uploads\/2024\/11\/IMG-20241104-WA0017-300x225.jpg?v=1730753539 300w, https:\/\/periodicolarepublica.com\/wp-content\/uploads\/2024\/11\/IMG-20241104-WA0017-1024x768.jpg?v=1730753539 1024w, https:\/\/periodicolarepublica.com\/wp-content\/uploads\/2024\/11\/IMG-20241104-WA0017-768x576.jpg?v=1730753539 768w, https:\/\/periodicolarepublica.com\/wp-content\/uploads\/2024\/11\/IMG-20241104-WA0017-1536x1152.jpg?v=1730753539 1536w, https:\/\/periodicolarepublica.com\/wp-content\/uploads\/2024\/11\/IMG-20241104-WA0017-150x113.jpg?v=1730753539 150w, https:\/\/periodicolarepublica.com\/wp-content\/uploads\/2024\/11\/IMG-20241104-WA0017-600x450.jpg?v=1730753539 600w, https:\/\/periodicolarepublica.com\/wp-content\/uploads\/2024\/11\/IMG-20241104-WA0017-696x522.jpg?v=1730753539 696w, https:\/\/periodicolarepublica.com\/wp-content\/uploads\/2024\/11\/IMG-20241104-WA0017-1392x1044.jpg?v=1730753539 1392w, https:\/\/periodicolarepublica.com\/wp-content\/uploads\/2024\/11\/IMG-20241104-WA0017-1068x801.jpg?v=1730753539 1068w, https:\/\/periodicolarepublica.com\/wp-content\/uploads\/2024\/11\/IMG-20241104-WA0017-265x198.jpg?v=1730753539 265w, https:\/\/periodicolarepublica.com\/wp-content\/uploads\/2024\/11\/IMG-20241104-WA0017-530x396.jpg?v=1730753539 530w, https:\/\/periodicolarepublica.com\/wp-content\/uploads\/2024\/11\/IMG-20241104-WA0017.jpg?v=1730753539 1600w\" sizes=\"auto, (max-width: 300px) 100vw, 300px\" \/><\/p>\n<p>Durante el encuentro, el alcalde Astacio destac\u00f3 la importancia de activar los protocolos de emergencia para garantizar la seguridad de los mun\u00edcipes, especialmente en zonas vulnerables a inundaciones y deslizamientos de tierra. El equipo evalu\u00f3 las condiciones de los sistemas de drenaje, revis\u00f3 la disposici\u00f3n de albergues temporales y estableci\u00f3 un plan de comunicaci\u00f3n directa con la ciudadan\u00eda para alertar sobre posibles riesgos y medidas de precauci\u00f3n.<\/p>\n<p>La vicealcaldesa Henr\u00edquez enfatiz\u00f3 el compromiso del gobierno municipal con la seguridad y el bienestar de los habitantes de Santo Domingo Este, y resalt\u00f3 la disposici\u00f3n de los cuerpos de rescate y las autoridades locales para responder de manera r\u00e1pida y eficiente en caso de cualquier eventualidad.<\/p>\n<p>Los representantes de la Defensa Civil, Bomberos y Polic\u00eda Nacional tambi\u00e9n compartieron sus respectivos planes de acci\u00f3n y estrategias de apoyo conjunto, reforzando la capacidad de respuesta integral del municipio ante las condiciones clim\u00e1ticas actuales.<\/p>\n<p>El Ayuntamiento de Santo Domingo Este hace un llamado a la poblaci\u00f3n a mantenerse informada a trav\u00e9s de los canales oficiales y seguir las recomendaciones de las autoridades, especialmente aquellas personas que residen en \u00e1reas de alto riesgo. Asimismo, reitera su compromiso con la protecci\u00f3n de la ciudadan\u00eda y la pronta atenci\u00f3n a cualquier emergencia que pudiera surgir.<\/p>\n","protected":false},"excerpt":{"rendered":"<p>Santo Domingo Este.- Ante la situaci\u00f3n clim\u00e1tica actual, marcada por una vaguada asociada a una baja presi\u00f3n que sigue generando incrementos nubosos, tormentas el\u00e9ctricas y r\u00e1fagas de viento aisladas, el alcalde D\u00edo Astacio convoc\u00f3 al Comit\u00e9 de Emergencias, Mitigaci\u00f3n y Riesgo del municipio para coordinar acciones de prevenci\u00f3n y respuesta. La reuni\u00f3n, realizada en las [&hellip;]<\/p>\n","protected":false},"author":6,"featured_media":2015,"comment_status":"open","ping_status":"open","sticky":false,"template":"","format":"standard","meta":{"om_disable_all_campaigns":false,"_monsterinsights_skip_tracking":false,"_monsterinsights_sitenote_active":false,"_monsterinsights_sitenote_note":"","_monsterinsights_sitenote_category":0,"footnotes":""},"categories":[1],"tags":[],"class_list":{"0":"post-2014","1":"post","2":"type-post","3":"status-publish","4":"format-standard","5":"has-post-thumbnail","7":"category-nacionales"},"aioseo_notices":[],"_links":{"self":[{"href":"https:\/\/periodicolarepublica.com\/index.php\/wp-json\/wp\/v2\/posts\/2014","targetHints":{"allow":["GET"]}}],"collection":[{"href":"https:\/\/periodicolarepublica.com\/index.php\/wp-json\/wp\/v2\/posts"}],"about":[{"href":"https:\/\/periodicolarepublica.com\/index.php\/wp-json\/wp\/v2\/types\/post"}],"author":[{"embeddable":true,"href":"https:\/\/periodicolarepublica.com\/index.php\/wp-json\/wp\/v2\/users\/6"}],"replies":[{"embeddable":true,"href":"https:\/\/periodicolarepublica.com\/index.php\/wp-json\/wp\/v2\/comments?post=2014"}],"version-history":[{"count":1,"href":"https:\/\/periodicolarepublica.com\/index.php\/wp-json\/wp\/v2\/posts\/2014\/revisions"}],"predecessor-version":[{"id":2016,"href":"https:\/\/periodicolarepublica.com\/index.php\/wp-json\/wp\/v2\/posts\/2014\/revisions\/2016"}],"wp:featuredmedia":[{"embeddable":true,"href":"https:\/\/periodicolarepublica.com\/index.php\/wp-json\/wp\/v2\/media\/2015"}],"wp:attachment":[{"href":"https:\/\/periodicolarepublica.com\/index.php\/wp-json\/wp\/v2\/media?parent=2014"}],"wp:term":[{"taxonomy":"category","embeddable":true,"href":"https:\/\/periodicolarepublica.com\/index.php\/wp-json\/wp\/v2\/categories?post=2014"},{"taxonomy":"post_tag","embeddable":true,"href":"https:\/\/periodicolarepublica.com\/index.php\/wp-json\/wp\/v2\/tags?post=2014"}],"curies":[{"name":"wp","href":"https:\/\/api.w.org\/{rel}","templated":true}]}}