{"id":2022,"date":"2024-11-06T01:45:55","date_gmt":"2024-11-06T00:45:55","guid":{"rendered":"https:\/\/periodicolarepublica.com\/?p=2022"},"modified":"2024-11-06T01:45:55","modified_gmt":"2024-11-06T00:45:55","slug":"tomas-hernandez-alberto-defiende-las-leyes-migratorias-de-republica-dominicana","status":"publish","type":"post","link":"https:\/\/periodicolarepublica.com\/index.php\/2024\/11\/06\/tomas-hernandez-alberto-defiende-las-leyes-migratorias-de-republica-dominicana\/","title":{"rendered":"Tom\u00e1s Hern\u00e1ndez Alberto Defiende las Leyes Migratorias de Rep\u00fablica Dominicana"},"content":{"rendered":"\r\n<p><img loading=\"lazy\" decoding=\"async\" class=\"size-medium wp-image-1908 alignright\" src=\"https:\/\/periodicolarepublica.com\/wp-content\/uploads\/2024\/10\/20241015_151526-247x300.jpg\" alt=\"\" width=\"247\" height=\"300\" \/>Santo Domingo \u2013 En una reciente declaraci\u00f3n, el ingeniero Tom\u00e1s Hern\u00e1ndez Alberto se pronunci\u00f3 sobre los comentarios realizados por la canciller de Hait\u00ed, afirmando que carecen de fundamento. Hern\u00e1ndez Alberto subray\u00f3 que el gobierno del presidente Luis Abinader continuar\u00e1 implementando las leyes migratorias del pa\u00eds con firmeza.<br \/><br \/>El ingeniero destac\u00f3 que la propuesta del Consejo de Seguridad de deportar a 10,000 migrantes ilegales es una medida efectiva y necesaria, que cuenta con el apoyo fundamental de la poblaci\u00f3n dominicana. \u00abRep\u00fablica Dominicana es una naci\u00f3n libre e independiente, y nuestras leyes deben ser respetadas y aplicadas\u00bb, afirm\u00f3 Hern\u00e1ndez Alberto.<br \/><br \/>Esta declaraci\u00f3n se produce en un contexto de creciente debate sobre la migraci\u00f3n y la seguridad en la regi\u00f3n. Hern\u00e1ndez Alberto inst\u00f3 a la comunidad internacional a respetar las decisiones soberanas de la Rep\u00fablica Dominicana en materia migratoria.<\/p>\r\n","protected":false},"excerpt":{"rendered":"<p>Santo Domingo \u2013 En una reciente declaraci\u00f3n, el ingeniero Tom\u00e1s Hern\u00e1ndez Alberto se pronunci\u00f3 sobre los comentarios realizados por la canciller de Hait\u00ed, afirmando que carecen de fundamento. Hern\u00e1ndez Alberto subray\u00f3 que el gobierno del presidente Luis Abinader continuar\u00e1 implementando las leyes migratorias del pa\u00eds con firmeza. El ingeniero destac\u00f3 que la propuesta del Consejo [&hellip;]<\/p>\n","protected":false},"author":10,"featured_media":0,"comment_status":"open","ping_status":"open","sticky":false,"template":"","format":"standard","meta":{"om_disable_all_campaigns":false,"_monsterinsights_skip_tracking":false,"_monsterinsights_sitenote_active":false,"_monsterinsights_sitenote_note":"","_monsterinsights_sitenote_category":0,"footnotes":""},"categories":[1],"tags":[163],"class_list":{"0":"post-2022","1":"post","2":"type-post","3":"status-publish","4":"format-standard","6":"category-nacionales","7":"tag-tomas-hernandez-alberto"},"aioseo_notices":[],"_links":{"self":[{"href":"https:\/\/periodicolarepublica.com\/index.php\/wp-json\/wp\/v2\/posts\/2022","targetHints":{"allow":["GET"]}}],"collection":[{"href":"https:\/\/periodicolarepublica.com\/index.php\/wp-json\/wp\/v2\/posts"}],"about":[{"href":"https:\/\/periodicolarepublica.com\/index.php\/wp-json\/wp\/v2\/types\/post"}],"author":[{"embeddable":true,"href":"https:\/\/periodicolarepublica.com\/index.php\/wp-json\/wp\/v2\/users\/10"}],"replies":[{"embeddable":true,"href":"https:\/\/periodicolarepublica.com\/index.php\/wp-json\/wp\/v2\/comments?post=2022"}],"version-history":[{"count":2,"href":"https:\/\/periodicolarepublica.com\/index.php\/wp-json\/wp\/v2\/posts\/2022\/revisions"}],"predecessor-version":[{"id":2035,"href":"https:\/\/periodicolarepublica.com\/index.php\/wp-json\/wp\/v2\/posts\/2022\/revisions\/2035"}],"wp:attachment":[{"href":"https:\/\/periodicolarepublica.com\/index.php\/wp-json\/wp\/v2\/media?parent=2022"}],"wp:term":[{"taxonomy":"category","embeddable":true,"href":"https:\/\/periodicolarepublica.com\/index.php\/wp-json\/wp\/v2\/categories?post=2022"},{"taxonomy":"post_tag","embeddable":true,"href":"https:\/\/periodicolarepublica.com\/index.php\/wp-json\/wp\/v2\/tags?post=2022"}],"curies":[{"name":"wp","href":"https:\/\/api.w.org\/{rel}","templated":true}]}}