{"id":2025,"date":"2024-11-05T23:26:28","date_gmt":"2024-11-05T22:26:28","guid":{"rendered":"https:\/\/periodicolarepublica.com\/?p=2025"},"modified":"2024-11-05T23:26:28","modified_gmt":"2024-11-05T22:26:28","slug":"director-de-la-ogtic-bartolome-pujals-aclara-inquietudes-sobre-el-alquiler-de-la-sede-institucional","status":"publish","type":"post","link":"https:\/\/periodicolarepublica.com\/index.php\/2024\/11\/05\/director-de-la-ogtic-bartolome-pujals-aclara-inquietudes-sobre-el-alquiler-de-la-sede-institucional\/","title":{"rendered":"Director de la OGTIC, Bartolom\u00e9 Pujals, aclara inquietudes sobre el alquiler de la sede institucional"},"content":{"rendered":"<p>El Director de la Oficina Gubernamental de Tecnolog\u00edas de la Informaci\u00f3n y Comunicaci\u00f3n (OGTIC), Bartolom\u00e9 Pujals, acompa\u00f1ado del Contralor General de la Rep\u00fablica y el Vicepresidente Ejecutivo de AFI Reservas, se dirigi\u00f3 este martes a los medios de comunicaci\u00f3n para aclarar las inquietudes recientes sobre el contrato de alquiler de la sede de la instituci\u00f3n. Durante su declaraci\u00f3n, Pujals destac\u00f3 que el contrato actual no fue firmado durante su gesti\u00f3n, sino que fue adjudicado en diciembre de 2022 y firmado el 17 de enero de 2023 por el anterior director.<\/p>\n<p><img loading=\"lazy\" decoding=\"async\" class=\"alignnone size-medium wp-image-2026\" src=\"https:\/\/periodicolarepublica.com\/wp-content\/uploads\/2024\/11\/IMG-20241105-WA0054-300x169.jpg\" alt=\"\" width=\"300\" height=\"169\" srcset=\"https:\/\/periodicolarepublica.com\/wp-content\/uploads\/2024\/11\/IMG-20241105-WA0054-300x169.jpg?v=1730845438 300w, https:\/\/periodicolarepublica.com\/wp-content\/uploads\/2024\/11\/IMG-20241105-WA0054-1024x576.jpg?v=1730845438 1024w, https:\/\/periodicolarepublica.com\/wp-content\/uploads\/2024\/11\/IMG-20241105-WA0054-768x432.jpg?v=1730845438 768w, https:\/\/periodicolarepublica.com\/wp-content\/uploads\/2024\/11\/IMG-20241105-WA0054-1536x864.jpg?v=1730845438 1536w, https:\/\/periodicolarepublica.com\/wp-content\/uploads\/2024\/11\/IMG-20241105-WA0054-150x84.jpg?v=1730845438 150w, https:\/\/periodicolarepublica.com\/wp-content\/uploads\/2024\/11\/IMG-20241105-WA0054-600x338.jpg?v=1730845438 600w, https:\/\/periodicolarepublica.com\/wp-content\/uploads\/2024\/11\/IMG-20241105-WA0054-696x392.jpg?v=1730845438 696w, https:\/\/periodicolarepublica.com\/wp-content\/uploads\/2024\/11\/IMG-20241105-WA0054-1392x783.jpg?v=1730845438 1392w, https:\/\/periodicolarepublica.com\/wp-content\/uploads\/2024\/11\/IMG-20241105-WA0054-1068x601.jpg?v=1730845438 1068w, https:\/\/periodicolarepublica.com\/wp-content\/uploads\/2024\/11\/IMG-20241105-WA0054.jpg?v=1730845438 1600w\" sizes=\"auto, (max-width: 300px) 100vw, 300px\" \/><\/p>\n<p>Aun as\u00ed, Pujals enfatiz\u00f3 que su responsabilidad se enmarca dentro del principio de continuidad administrativa, asegurando que la OGTIC cumple con un compromiso ya establecido. \u00abEste contrato es esencial para el funcionamiento de nuestras labores en pro de la estrategia de Gobierno Digital en la Rep\u00fablica Dominicana\u00bb, afirm\u00f3.<\/p>\n<p>El contrato abarca cinco pisos completos y \u00e1reas comunes en el Edificio Corporativo Vista 311, permitiendo a la OGTIC prestar servicios a m\u00e1s de 530 instituciones del Estado, incluyendo un Centro de Contacto Gubernamental que maneja un promedio de 2.3 millones de llamadas al a\u00f1o.<\/p>\n<p>En relaci\u00f3n con el monto total del contrato, Pujals explic\u00f3 que la OGTIC realiza pagos mensuales de RD$8,025,170.20 m\u00e1s ITBIS y mantenimiento durante diez a\u00f1os, lo que incluye el alquiler de cinco pisos completos, adem\u00e1s de mobiliario, sistemas de seguridad, iluminaci\u00f3n y otros servicios esenciales. Aclar\u00f3 que el costo por metro cuadrado amueblado se sit\u00faa en 23 d\u00f3lares, m\u00e1s 10 d\u00f3lares de acondicionamiento y 5 d\u00f3lares de mantenimiento, un precio competitivo en comparaci\u00f3n con el mercado privado.<\/p>\n<p>El Director tambi\u00e9n subray\u00f3 que la negociaci\u00f3n del contrato fue llevada a cabo con rigurosidad y transparencia, bajo la supervisi\u00f3n del Comit\u00e9 de Compras y Contrataciones de la OGTIC, pero adem\u00e1s totalmente alineada a la nueva normativa establecida en 2022 por la Contralor\u00eda General de la Rep\u00fablica y la Direcci\u00f3n General de Compras y Contrataciones para regular todos los procesos de alquiler a trav\u00e9s del portal de compras p\u00fablicas.<\/p>\n<p>Pujals destac\u00f3 que, a diferencia de pr\u00e1cticas anteriores, el actual modelo de alquiler busca asegurar la transparencia y la correcta gesti\u00f3n de recursos, evitando beneficios para particulares, especialmente porque \u201cel contrato no mueve fondos fuera del Estado y el dinero del alquiler permanece dentro del \u00e1mbito contable de instituciones p\u00fablicas, garantizando as\u00ed un uso adecuado de los recursos\u201d.<\/p>\n<p>Este mismo modelo \u201cllave en mano\u201d, ha sido aplicado en el establecimiento de los denominados Puntos GOB, por permitir una implementaci\u00f3n r\u00e1pida y eficiente, sin necesidad de una inversi\u00f3n incial significativa, con estricto apego a la transparencia y la correcta gesti\u00f3n de los recursos p\u00fablicos.<\/p>\n","protected":false},"excerpt":{"rendered":"<p>El Director de la Oficina Gubernamental de Tecnolog\u00edas de la Informaci\u00f3n y Comunicaci\u00f3n (OGTIC), Bartolom\u00e9 Pujals, acompa\u00f1ado del Contralor General de la Rep\u00fablica y el Vicepresidente Ejecutivo de AFI Reservas, se dirigi\u00f3 este martes a los medios de comunicaci\u00f3n para aclarar las inquietudes recientes sobre el contrato de alquiler de la sede de la instituci\u00f3n. [&hellip;]<\/p>\n","protected":false},"author":6,"featured_media":2026,"comment_status":"open","ping_status":"open","sticky":false,"template":"","format":"standard","meta":{"om_disable_all_campaigns":false,"_monsterinsights_skip_tracking":false,"_monsterinsights_sitenote_active":false,"_monsterinsights_sitenote_note":"","_monsterinsights_sitenote_category":0,"footnotes":""},"categories":[1],"tags":[],"class_list":{"0":"post-2025","1":"post","2":"type-post","3":"status-publish","4":"format-standard","5":"has-post-thumbnail","7":"category-nacionales"},"aioseo_notices":[],"_links":{"self":[{"href":"https:\/\/periodicolarepublica.com\/index.php\/wp-json\/wp\/v2\/posts\/2025","targetHints":{"allow":["GET"]}}],"collection":[{"href":"https:\/\/periodicolarepublica.com\/index.php\/wp-json\/wp\/v2\/posts"}],"about":[{"href":"https:\/\/periodicolarepublica.com\/index.php\/wp-json\/wp\/v2\/types\/post"}],"author":[{"embeddable":true,"href":"https:\/\/periodicolarepublica.com\/index.php\/wp-json\/wp\/v2\/users\/6"}],"replies":[{"embeddable":true,"href":"https:\/\/periodicolarepublica.com\/index.php\/wp-json\/wp\/v2\/comments?post=2025"}],"version-history":[{"count":1,"href":"https:\/\/periodicolarepublica.com\/index.php\/wp-json\/wp\/v2\/posts\/2025\/revisions"}],"predecessor-version":[{"id":2027,"href":"https:\/\/periodicolarepublica.com\/index.php\/wp-json\/wp\/v2\/posts\/2025\/revisions\/2027"}],"wp:featuredmedia":[{"embeddable":true,"href":"https:\/\/periodicolarepublica.com\/index.php\/wp-json\/wp\/v2\/media\/2026"}],"wp:attachment":[{"href":"https:\/\/periodicolarepublica.com\/index.php\/wp-json\/wp\/v2\/media?parent=2025"}],"wp:term":[{"taxonomy":"category","embeddable":true,"href":"https:\/\/periodicolarepublica.com\/index.php\/wp-json\/wp\/v2\/categories?post=2025"},{"taxonomy":"post_tag","embeddable":true,"href":"https:\/\/periodicolarepublica.com\/index.php\/wp-json\/wp\/v2\/tags?post=2025"}],"curies":[{"name":"wp","href":"https:\/\/api.w.org\/{rel}","templated":true}]}}