{"id":2036,"date":"2024-11-06T03:30:54","date_gmt":"2024-11-06T02:30:54","guid":{"rendered":"https:\/\/periodicolarepublica.com\/?p=2036"},"modified":"2024-11-06T03:30:54","modified_gmt":"2024-11-06T02:30:54","slug":"josell-hernandez-trae-la-cura-a-la-radio","status":"publish","type":"post","link":"https:\/\/periodicolarepublica.com\/index.php\/2024\/11\/06\/josell-hernandez-trae-la-cura-a-la-radio\/","title":{"rendered":"Josell Hern\u00e1ndez trae \u201cLa Cura\u00bb a la Radio"},"content":{"rendered":"<p>El comunicador y productor, Josell Hern\u00e1ndez, inform\u00f3 que lanzar\u00e1 un nuevo proyecto radial llamado \u201cLa Cura\u00bb que inicia este lunes 11 de noviembre, el cual tendr\u00e1 la misi\u00f3n de educar e informar sin dejar de ser una \u00abcura\u00bb y asumiendo un compromiso social donde los m\u00e1s necesitados tendr\u00e1n un espacio al cual acudir.<\/p>\n<p><img loading=\"lazy\" decoding=\"async\" class=\"alignnone size-medium wp-image-2037\" src=\"https:\/\/periodicolarepublica.com\/wp-content\/uploads\/2024\/11\/IMG-20241105-WA0070-233x300.jpg\" alt=\"\" width=\"233\" height=\"300\" srcset=\"https:\/\/periodicolarepublica.com\/wp-content\/uploads\/2024\/11\/IMG-20241105-WA0070-233x300.jpg?v=1730860221 233w, https:\/\/periodicolarepublica.com\/wp-content\/uploads\/2024\/11\/IMG-20241105-WA0070-796x1024.jpg?v=1730860221 796w, https:\/\/periodicolarepublica.com\/wp-content\/uploads\/2024\/11\/IMG-20241105-WA0070-768x988.jpg?v=1730860221 768w, https:\/\/periodicolarepublica.com\/wp-content\/uploads\/2024\/11\/IMG-20241105-WA0070-1194x1536.jpg?v=1730860221 1194w, https:\/\/periodicolarepublica.com\/wp-content\/uploads\/2024\/11\/IMG-20241105-WA0070-150x193.jpg?v=1730860221 150w, https:\/\/periodicolarepublica.com\/wp-content\/uploads\/2024\/11\/IMG-20241105-WA0070-300x386.jpg?v=1730860221 300w, https:\/\/periodicolarepublica.com\/wp-content\/uploads\/2024\/11\/IMG-20241105-WA0070-600x772.jpg?v=1730860221 600w, https:\/\/periodicolarepublica.com\/wp-content\/uploads\/2024\/11\/IMG-20241105-WA0070-696x895.jpg?v=1730860221 696w, https:\/\/periodicolarepublica.com\/wp-content\/uploads\/2024\/11\/IMG-20241105-WA0070-1068x1374.jpg?v=1730860221 1068w, https:\/\/periodicolarepublica.com\/wp-content\/uploads\/2024\/11\/IMG-20241105-WA0070.jpg?v=1730860221 1244w\" sizes=\"auto, (max-width: 233px) 100vw, 233px\" \/><\/p>\n<p>Seg\u00fan dijo Josell, estrellas del humor como Liondy Ozoria, Rafa Boba, Doble J, los ni\u00f1os, Aitor y Chelmy, y nuevas estrellas como Renata, Jocelyn y Jennifer, le acompa\u00f1ar\u00e1n de lunes a viernes, de 12:00 a 2:00 de la tarde, por la emisora Power 103.7 para Santo Domingo y KV 94.7 para todo el Cibao.<\/p>\n<p>El comunicador asegur\u00f3 que el espacio iniciar\u00e1 por todo lo alto, ya que desde su primera emisi\u00f3n se rifar\u00e1 un carro 0 kil\u00f3metros, y que para participar solo se tendr\u00e1 que sintonizar el programa y llamar en el momento indicado.<\/p>\n<p>Asimismo, asegur\u00f3 que \u00abLa Cura\u00bb es un programa que ser\u00e1 dirigido a la familia, para los padres que buscan sus ni\u00f1os al colegio, quien almuerza en la oficina y quienes en el barrio comparten.<\/p>\n<p>El tambi\u00e9n profesional de la psicolog\u00eda puntualiz\u00f3 que su compromiso social es velar por los m\u00e1s necesitados y suplir desde una computadora para un joven brillante hasta reparar casas a los m\u00e1s humildes, tambi\u00e9n junto a otros profesionales har\u00e1n operativos de terapia y consejer\u00eda psicol\u00f3gica en barrios, c\u00e1rceles y hospitales, totalmente gratis.<\/p>\n<p>Este nuevo proyecto de Josell se lanza luego de un peculiar mensaje que el comunicador poste\u00f3 en sus redes sociales, indicando que \u00e9l como cualquiera puede sufrir alg\u00fan padecimiento de salud mental, puntualizando que necesitaba encontrar \u00abLa Cura\u00bb, el cual cautiv\u00f3 el inter\u00e9s de sus seguidores, figuras del espect\u00e1culo dominicano y los medios de comunicaci\u00f3n.<\/p>\n<p>\u201cQuer\u00eda causar empat\u00eda con los miles de personas que sufren de depresi\u00f3n o cualquier trastorno y que no se atreven a decirlo y as\u00ed aprovechar para decirles que no est\u00e1n solos y poder anunciarles esta gran noticia de este nuevo proyecto, me disculpo con mis fans y amigos que no se cansaron de llamarme y a todos los que se hicieron eco del post en Instagram, pero solo quer\u00eda empatizar y hacer conciencia de que cualquiera puede estar sufriendo depresi\u00f3n\u201d, indic\u00f3 Josell, tras anunciar su nuevo proyecto de radio con un corte familiar.<\/p>\n","protected":false},"excerpt":{"rendered":"<p>El comunicador y productor, Josell Hern\u00e1ndez, inform\u00f3 que lanzar\u00e1 un nuevo proyecto radial llamado \u201cLa Cura\u00bb que inicia este lunes 11 de noviembre, el cual tendr\u00e1 la misi\u00f3n de educar e informar sin dejar de ser una \u00abcura\u00bb y asumiendo un compromiso social donde los m\u00e1s necesitados tendr\u00e1n un espacio al cual acudir. Seg\u00fan dijo [&hellip;]<\/p>\n","protected":false},"author":6,"featured_media":2037,"comment_status":"open","ping_status":"open","sticky":false,"template":"","format":"standard","meta":{"om_disable_all_campaigns":false,"_monsterinsights_skip_tracking":false,"_monsterinsights_sitenote_active":false,"_monsterinsights_sitenote_note":"","_monsterinsights_sitenote_category":0,"footnotes":""},"categories":[1],"tags":[],"class_list":{"0":"post-2036","1":"post","2":"type-post","3":"status-publish","4":"format-standard","5":"has-post-thumbnail","7":"category-nacionales"},"aioseo_notices":[],"_links":{"self":[{"href":"https:\/\/periodicolarepublica.com\/index.php\/wp-json\/wp\/v2\/posts\/2036","targetHints":{"allow":["GET"]}}],"collection":[{"href":"https:\/\/periodicolarepublica.com\/index.php\/wp-json\/wp\/v2\/posts"}],"about":[{"href":"https:\/\/periodicolarepublica.com\/index.php\/wp-json\/wp\/v2\/types\/post"}],"author":[{"embeddable":true,"href":"https:\/\/periodicolarepublica.com\/index.php\/wp-json\/wp\/v2\/users\/6"}],"replies":[{"embeddable":true,"href":"https:\/\/periodicolarepublica.com\/index.php\/wp-json\/wp\/v2\/comments?post=2036"}],"version-history":[{"count":1,"href":"https:\/\/periodicolarepublica.com\/index.php\/wp-json\/wp\/v2\/posts\/2036\/revisions"}],"predecessor-version":[{"id":2038,"href":"https:\/\/periodicolarepublica.com\/index.php\/wp-json\/wp\/v2\/posts\/2036\/revisions\/2038"}],"wp:featuredmedia":[{"embeddable":true,"href":"https:\/\/periodicolarepublica.com\/index.php\/wp-json\/wp\/v2\/media\/2037"}],"wp:attachment":[{"href":"https:\/\/periodicolarepublica.com\/index.php\/wp-json\/wp\/v2\/media?parent=2036"}],"wp:term":[{"taxonomy":"category","embeddable":true,"href":"https:\/\/periodicolarepublica.com\/index.php\/wp-json\/wp\/v2\/categories?post=2036"},{"taxonomy":"post_tag","embeddable":true,"href":"https:\/\/periodicolarepublica.com\/index.php\/wp-json\/wp\/v2\/tags?post=2036"}],"curies":[{"name":"wp","href":"https:\/\/api.w.org\/{rel}","templated":true}]}}