{"id":2040,"date":"2024-11-07T20:04:54","date_gmt":"2024-11-07T19:04:54","guid":{"rendered":"https:\/\/periodicolarepublica.com\/?p=2040"},"modified":"2024-11-07T20:04:54","modified_gmt":"2024-11-07T19:04:54","slug":"el-ministro-de-salud-publica-dr-victor-atallah-reafirma-su-compromiso-con-el-dialogo-y-la-atencion-al-pueblo-dominicano","status":"publish","type":"post","link":"https:\/\/periodicolarepublica.com\/index.php\/2024\/11\/07\/el-ministro-de-salud-publica-dr-victor-atallah-reafirma-su-compromiso-con-el-dialogo-y-la-atencion-al-pueblo-dominicano\/","title":{"rendered":"El Ministro de Salud P\u00fablica, Dr. V\u00edctor Atallah, reafirma su compromiso con el di\u00e1logo y la atenci\u00f3n al pueblo dominicano"},"content":{"rendered":"\r\n<p><img loading=\"lazy\" decoding=\"async\" class=\"size-medium wp-image-2041 alignright\" src=\"https:\/\/periodicolarepublica.com\/wp-content\/uploads\/2024\/11\/IMG-20241107-WA0008-300x300.jpg\" alt=\"\" width=\"300\" height=\"300\" srcset=\"https:\/\/periodicolarepublica.com\/wp-content\/uploads\/2024\/11\/IMG-20241107-WA0008-300x300.jpg?v=1731003785 300w, https:\/\/periodicolarepublica.com\/wp-content\/uploads\/2024\/11\/IMG-20241107-WA0008-1024x1024.jpg?v=1731003785 1024w, https:\/\/periodicolarepublica.com\/wp-content\/uploads\/2024\/11\/IMG-20241107-WA0008-150x150.jpg?v=1731003785 150w, https:\/\/periodicolarepublica.com\/wp-content\/uploads\/2024\/11\/IMG-20241107-WA0008-768x768.jpg?v=1731003785 768w, https:\/\/periodicolarepublica.com\/wp-content\/uploads\/2024\/11\/IMG-20241107-WA0008-600x600.jpg?v=1731003785 600w, https:\/\/periodicolarepublica.com\/wp-content\/uploads\/2024\/11\/IMG-20241107-WA0008-696x696.jpg?v=1731003785 696w, https:\/\/periodicolarepublica.com\/wp-content\/uploads\/2024\/11\/IMG-20241107-WA0008-1068x1068.jpg?v=1731003785 1068w, https:\/\/periodicolarepublica.com\/wp-content\/uploads\/2024\/11\/IMG-20241107-WA0008.jpg?v=1731003785 1080w\" sizes=\"auto, (max-width: 300px) 100vw, 300px\" \/>Santo Domingo, \u2013 En recientes declaraciones, el Ministro de Salud P\u00fablica, Dr. V\u00edctor Atallah, se dirigi\u00f3 al Colegio M\u00e9dico Dominicano, instando a los profesionales de la salud a tener paciencia mientras se trabaja en las respuestas a sus demandas. El ministro destac\u00f3 que muchas de estas solicitudes estaban contempladas en la Ley de Modernizaci\u00f3n, la cual fue retirada del Congreso Nacional.<br \/><br \/>El Dr. Atallah enfatiz\u00f3 la importancia de mantener abiertos los canales de di\u00e1logo entre el Ministerio de Salud y los m\u00e9dicos, subrayando que la gesti\u00f3n actual se mantiene firme en su compromiso de escuchar y atender las inquietudes del sector salud. \u201cEstamos aqu\u00ed para trabajar juntos, siempre con el objetivo de mejorar la atenci\u00f3n que recibe el pueblo dominicano\u201d, afirm\u00f3.<br \/><br \/>Durante su intervenci\u00f3n, el ministro record\u00f3 que el bienestar de los ciudadanos es la prioridad fundamental de su gesti\u00f3n. \u201cCada d\u00eda, miles de dominicanos acuden a nuestros centros de salud en busca de atenci\u00f3n m\u00e9dica, y es nuestra responsabilidad garantizar que reciban la mejor atenci\u00f3n posible\u201d, a\u00f1adi\u00f3.<br \/><br \/>El Dr. Atallah tambi\u00e9n hizo hincapi\u00e9 en que la administraci\u00f3n del presidente Luis Abinader est\u00e1 comprometida con la mejora del sistema de salud en el pa\u00eds. \u201cPor instrucciones del presidente, estamos enfocados en fortalecer la atenci\u00f3n m\u00e9dica y asegurar que los recursos se destinen donde m\u00e1s se necesitan\u201d, afirm\u00f3.<br \/><br \/>El ministro reiter\u00f3 que, aunque la situaci\u00f3n actual presenta desaf\u00edos, el compromiso del Ministerio de Salud P\u00fablica con el di\u00e1logo y la colaboraci\u00f3n con el Colegio M\u00e9dico Dominicano sigue siendo firme. \u201cEstamos abiertos a escuchar y trabajar en conjunto por el bienestar de nuestro pueblo\u201d, concluy\u00f3.<br \/><br \/>Asimismo, el Dr. Atallah inst\u00f3 a los m\u00e9dicos a mantener una actitud proactiva y constructiva en las discusiones sobre la reforma del sistema de salud. \u201cSolo a trav\u00e9s de la colaboraci\u00f3n podemos avanzar hacia un sistema de salud m\u00e1s eficiente y equitativo\u201d, expres\u00f3.<\/p>\r\n","protected":false},"excerpt":{"rendered":"<p>Santo Domingo, \u2013 En recientes declaraciones, el Ministro de Salud P\u00fablica, Dr. V\u00edctor Atallah, se dirigi\u00f3 al Colegio M\u00e9dico Dominicano, instando a los profesionales de la salud a tener paciencia mientras se trabaja en las respuestas a sus demandas. El ministro destac\u00f3 que muchas de estas solicitudes estaban contempladas en la Ley de Modernizaci\u00f3n, la [&hellip;]<\/p>\n","protected":false},"author":10,"featured_media":2041,"comment_status":"open","ping_status":"open","sticky":false,"template":"","format":"standard","meta":{"om_disable_all_campaigns":false,"_monsterinsights_skip_tracking":false,"_monsterinsights_sitenote_active":false,"_monsterinsights_sitenote_note":"","_monsterinsights_sitenote_category":0,"footnotes":""},"categories":[1],"tags":[307,161],"class_list":{"0":"post-2040","1":"post","2":"type-post","3":"status-publish","4":"format-standard","5":"has-post-thumbnail","7":"category-nacionales","8":"tag-ministerio-de-salud-publica","9":"tag-victor-atallah"},"aioseo_notices":[],"_links":{"self":[{"href":"https:\/\/periodicolarepublica.com\/index.php\/wp-json\/wp\/v2\/posts\/2040","targetHints":{"allow":["GET"]}}],"collection":[{"href":"https:\/\/periodicolarepublica.com\/index.php\/wp-json\/wp\/v2\/posts"}],"about":[{"href":"https:\/\/periodicolarepublica.com\/index.php\/wp-json\/wp\/v2\/types\/post"}],"author":[{"embeddable":true,"href":"https:\/\/periodicolarepublica.com\/index.php\/wp-json\/wp\/v2\/users\/10"}],"replies":[{"embeddable":true,"href":"https:\/\/periodicolarepublica.com\/index.php\/wp-json\/wp\/v2\/comments?post=2040"}],"version-history":[{"count":2,"href":"https:\/\/periodicolarepublica.com\/index.php\/wp-json\/wp\/v2\/posts\/2040\/revisions"}],"predecessor-version":[{"id":2045,"href":"https:\/\/periodicolarepublica.com\/index.php\/wp-json\/wp\/v2\/posts\/2040\/revisions\/2045"}],"wp:featuredmedia":[{"embeddable":true,"href":"https:\/\/periodicolarepublica.com\/index.php\/wp-json\/wp\/v2\/media\/2041"}],"wp:attachment":[{"href":"https:\/\/periodicolarepublica.com\/index.php\/wp-json\/wp\/v2\/media?parent=2040"}],"wp:term":[{"taxonomy":"category","embeddable":true,"href":"https:\/\/periodicolarepublica.com\/index.php\/wp-json\/wp\/v2\/categories?post=2040"},{"taxonomy":"post_tag","embeddable":true,"href":"https:\/\/periodicolarepublica.com\/index.php\/wp-json\/wp\/v2\/tags?post=2040"}],"curies":[{"name":"wp","href":"https:\/\/api.w.org\/{rel}","templated":true}]}}