{"id":2044,"date":"2024-11-08T22:29:34","date_gmt":"2024-11-08T21:29:34","guid":{"rendered":"https:\/\/periodicolarepublica.com\/?p=2044"},"modified":"2024-11-08T22:29:34","modified_gmt":"2024-11-08T21:29:34","slug":"gabinete-de-salud-y-colegio-medico-acuerdan-continuar-el-dialogo-y-suspender-el-paro-previsto","status":"publish","type":"post","link":"https:\/\/periodicolarepublica.com\/index.php\/2024\/11\/08\/gabinete-de-salud-y-colegio-medico-acuerdan-continuar-el-dialogo-y-suspender-el-paro-previsto\/","title":{"rendered":"Gabinete de Salud y Colegio M\u00e9dico acuerdan continuar el di\u00e1logo y suspender el paro previsto*"},"content":{"rendered":"\r\n<p><img loading=\"lazy\" decoding=\"async\" class=\"size-medium wp-image-2060 alignright\" src=\"https:\/\/periodicolarepublica.com\/wp-content\/uploads\/2024\/11\/IMG-20241108-WA0069-300x123.jpg\" alt=\"\" width=\"300\" height=\"123\" srcset=\"https:\/\/periodicolarepublica.com\/wp-content\/uploads\/2024\/11\/IMG-20241108-WA0069-300x123.jpg?v=1731101340 300w, https:\/\/periodicolarepublica.com\/wp-content\/uploads\/2024\/11\/IMG-20241108-WA0069-1024x419.jpg?v=1731101340 1024w, https:\/\/periodicolarepublica.com\/wp-content\/uploads\/2024\/11\/IMG-20241108-WA0069-768x314.jpg?v=1731101340 768w, https:\/\/periodicolarepublica.com\/wp-content\/uploads\/2024\/11\/IMG-20241108-WA0069-1536x629.jpg?v=1731101340 1536w, https:\/\/periodicolarepublica.com\/wp-content\/uploads\/2024\/11\/IMG-20241108-WA0069-2048x839.jpg?v=1731101340 2048w, https:\/\/periodicolarepublica.com\/wp-content\/uploads\/2024\/11\/IMG-20241108-WA0069-150x61.jpg?v=1731101340 150w, https:\/\/periodicolarepublica.com\/wp-content\/uploads\/2024\/11\/IMG-20241108-WA0069-600x246.jpg?v=1731101340 600w, https:\/\/periodicolarepublica.com\/wp-content\/uploads\/2024\/11\/IMG-20241108-WA0069-696x285.jpg?v=1731101340 696w, https:\/\/periodicolarepublica.com\/wp-content\/uploads\/2024\/11\/IMG-20241108-WA0069-1392x570.jpg?v=1731101340 1392w, https:\/\/periodicolarepublica.com\/wp-content\/uploads\/2024\/11\/IMG-20241108-WA0069-1068x437.jpg?v=1731101340 1068w, https:\/\/periodicolarepublica.com\/wp-content\/uploads\/2024\/11\/IMG-20241108-WA0069-1920x786.jpg?v=1731101340 1920w\" sizes=\"auto, (max-width: 300px) 100vw, 300px\" \/>*Santo Domingo R.D.-* Por instrucciones de la vicepresidenta de la Rep\u00fablica, Raquel Pe\u00f1a, el Gabinete de Salud se reuni\u00f3 este viernes con el presidente del Colegio M\u00e9dico Dominicano (CMD), Waldo Ariel Suero.<br \/><br \/>Tras el encuentro, el ministro de salud, V\u00edctor Atallah, anunci\u00f3 que se acord\u00f3 mantener el di\u00e1logo abierto y suspender el paro nacional que estaba programado para el pr\u00f3ximo martes 12 de noviembre.<br \/><br \/>Una nota de prensa, indica que esta decisi\u00f3n busca dar continuidad a las negociaciones entre el gremio y el gobierno con el fin de alcanzar un acuerdo que beneficie al sector salud y a la ciudadan\u00eda.<br \/><br \/>En el encuentro tambi\u00e9n se acord\u00f3 sostener una pr\u00f3xima reuni\u00f3n el pr\u00f3ximo mi\u00e9rcoles 13 de noviembre, contando esta vez con la participaci\u00f3n del presidente de la Rep\u00fablica, Luis Abinader, en atenci\u00f3n a una solicitud del Colegio M\u00e9dico Dominicano. <br \/><br \/>Tras el anuncio inicial del paro, el ministro Atallah reiter\u00f3 la importancia de sostener un di\u00e1logo constante como la mejor v\u00eda para abordar las necesidades y demandas de los profesionales de la salud. \u201cEl gobierno est\u00e1 comprometido en escuchar y trabajar de manera conjunta con todos gremios del sector salud. Entendemos que muchas soluciones requieren una organizaci\u00f3n y un enfoque integral, y estamos dispuestos a sumar esfuerzos en este proceso\u201d, asegur\u00f3.<br \/><br \/>Este pr\u00f3ximo encuentro se pretende dar continuidad al proceso de di\u00e1logo y avanzar en soluciones concretas que fortalezcan el sistema de salud.<\/p>\r\n","protected":false},"excerpt":{"rendered":"<p>*Santo Domingo R.D.-* Por instrucciones de la vicepresidenta de la Rep\u00fablica, Raquel Pe\u00f1a, el Gabinete de Salud se reuni\u00f3 este viernes con el presidente del Colegio M\u00e9dico Dominicano (CMD), Waldo Ariel Suero. Tras el encuentro, el ministro de salud, V\u00edctor Atallah, anunci\u00f3 que se acord\u00f3 mantener el di\u00e1logo abierto y suspender el paro nacional que [&hellip;]<\/p>\n","protected":false},"author":10,"featured_media":2060,"comment_status":"open","ping_status":"open","sticky":false,"template":"","format":"standard","meta":{"om_disable_all_campaigns":false,"_monsterinsights_skip_tracking":false,"_monsterinsights_sitenote_active":false,"_monsterinsights_sitenote_note":"","_monsterinsights_sitenote_category":0,"footnotes":""},"categories":[1],"tags":[159],"class_list":{"0":"post-2044","1":"post","2":"type-post","3":"status-publish","4":"format-standard","5":"has-post-thumbnail","7":"category-nacionales","8":"tag-ministro-de-salud-publica-victor-atallah"},"aioseo_notices":[],"_links":{"self":[{"href":"https:\/\/periodicolarepublica.com\/index.php\/wp-json\/wp\/v2\/posts\/2044","targetHints":{"allow":["GET"]}}],"collection":[{"href":"https:\/\/periodicolarepublica.com\/index.php\/wp-json\/wp\/v2\/posts"}],"about":[{"href":"https:\/\/periodicolarepublica.com\/index.php\/wp-json\/wp\/v2\/types\/post"}],"author":[{"embeddable":true,"href":"https:\/\/periodicolarepublica.com\/index.php\/wp-json\/wp\/v2\/users\/10"}],"replies":[{"embeddable":true,"href":"https:\/\/periodicolarepublica.com\/index.php\/wp-json\/wp\/v2\/comments?post=2044"}],"version-history":[{"count":2,"href":"https:\/\/periodicolarepublica.com\/index.php\/wp-json\/wp\/v2\/posts\/2044\/revisions"}],"predecessor-version":[{"id":2061,"href":"https:\/\/periodicolarepublica.com\/index.php\/wp-json\/wp\/v2\/posts\/2044\/revisions\/2061"}],"wp:featuredmedia":[{"embeddable":true,"href":"https:\/\/periodicolarepublica.com\/index.php\/wp-json\/wp\/v2\/media\/2060"}],"wp:attachment":[{"href":"https:\/\/periodicolarepublica.com\/index.php\/wp-json\/wp\/v2\/media?parent=2044"}],"wp:term":[{"taxonomy":"category","embeddable":true,"href":"https:\/\/periodicolarepublica.com\/index.php\/wp-json\/wp\/v2\/categories?post=2044"},{"taxonomy":"post_tag","embeddable":true,"href":"https:\/\/periodicolarepublica.com\/index.php\/wp-json\/wp\/v2\/tags?post=2044"}],"curies":[{"name":"wp","href":"https:\/\/api.w.org\/{rel}","templated":true}]}}