{"id":2059,"date":"2024-11-09T20:52:47","date_gmt":"2024-11-09T19:52:47","guid":{"rendered":"https:\/\/periodicolarepublica.com\/?p=2059"},"modified":"2024-11-09T20:52:47","modified_gmt":"2024-11-09T19:52:47","slug":"dr-victor-atallah-un-cambio-positivo-en-la-gestion-de-la-salud-publica","status":"publish","type":"post","link":"https:\/\/periodicolarepublica.com\/index.php\/2024\/11\/09\/dr-victor-atallah-un-cambio-positivo-en-la-gestion-de-la-salud-publica\/","title":{"rendered":"Dr. V\u00edctor Atallah: Un Cambio Positivo en la Gesti\u00f3n de la Salud P\u00fablica"},"content":{"rendered":"\r\n<p><img loading=\"lazy\" decoding=\"async\" class=\"size-medium wp-image-1851 alignright\" src=\"https:\/\/periodicolarepublica.com\/wp-content\/uploads\/2024\/10\/IMG-20241007-WA0109-300x200.jpg\" alt=\"\" width=\"300\" height=\"200\" \/>La gesti\u00f3n del Dr. V\u00edctor Atallah como Ministro de Salud P\u00fablica de la Rep\u00fablica Dominicana ha marcado un hito significativo en el sector salud del pa\u00eds. Desde su nombramiento, Atallah ha trabajado incansablemente, no solo en la implementaci\u00f3n de pol\u00edticas de salud efectivas, sino tambi\u00e9n en la creaci\u00f3n de un enfoque humano y accesible para la atenci\u00f3n sanitaria. Bajo su liderazgo, el Ministerio ha logrado acercarse a las comunidades, lo que ha sido fundamental para mejorar la confianza de la poblaci\u00f3n en el sistema de salud.<br \/><br \/>Una de las caracter\u00edsticas m\u00e1s destacadas de la gesti\u00f3n del Dr. Atallah es su capacidad para colaborar estrechamente con el presidente Luis Abinader. Esta sinergia ha permitido que las iniciativas de salud p\u00fablica se alineen con las necesidades reales de la poblaci\u00f3n, creando un ambiente propicio para la implementaci\u00f3n de programas que realmente impactan la vida de los ciudadanos. La cercan\u00eda del ministro con las personas ha sido un elemento clave en la receptividad de las pol\u00edticas, logrando que m\u00e1s dominicanos se sientan parte del proceso.<br \/><br \/>Uno de los logros m\u00e1s notables de Atallah ha sido la lucha contra el dengue, una enfermedad que ha afectado a millones en la regi\u00f3n. Gracias a su liderazgo, el Ministerio de Salud ha implementado campa\u00f1as efectivas de prevenci\u00f3n y control que han recibido el reconocimiento de la Organizaci\u00f3n Panamericana de la Salud (OPS). Este reconocimiento no solo resalta la efectividad de las estrategias implementadas, sino que tambi\u00e9n posiciona al pa\u00eds como un referente en la lucha contra enfermedades transmitidas por vectores.<br \/><br \/>La gesti\u00f3n del Dr. Atallah ha sido admirada por sus colegas en la regi\u00f3n, quienes han destacado su enfoque proactivo y su capacidad para movilizar recursos y equipos de trabajo en momentos cr\u00edticos. La colaboraci\u00f3n con otros ministros de salud de diversos pa\u00edses ha permitido el intercambio de buenas pr\u00e1cticas y experiencias, fortaleciendo as\u00ed la respuesta regional a problemas de salud p\u00fablica comunes. Este tipo de liderazgo es esencial en un contexto donde la salud es un tema de preocupaci\u00f3n global.<br \/><br \/><br \/>La modernizaci\u00f3n de los servicios de salud tambi\u00e9n ha sido una prioridad bajo su mandato. Atallah ha impulsado la digitalizaci\u00f3n de procesos y la mejora de infraestructuras, asegurando que las comunidades m\u00e1s vulnerables tengan acceso a servicios de salud de calidad. Este enfoque inclusivo es fundamental para garantizar que nadie se quede atr\u00e1s en el acceso a la atenci\u00f3n m\u00e9dica.<br \/><br \/>En conclusi\u00f3n, el Dr. V\u00edctor Atallah est\u00e1 dejando una huella imborrable en el sistema de salud p\u00fablica dominicano. Su gesti\u00f3n ha sido reconocida a nivel nacional e internacional, y su compromiso con el bienestar de la poblaci\u00f3n es digno de admiraci\u00f3n. Con un enfoque cercano a las personas y un trabajo colaborativo con el presidente Abinader, Atallah est\u00e1 sentando las bases para un futuro m\u00e1s saludable y equitativo para todos los dominicanos. Sin duda, el pa\u00eds cuenta con un gran l\u00edder en el sector salud.<\/p>\r\n","protected":false},"excerpt":{"rendered":"<p>La gesti\u00f3n del Dr. V\u00edctor Atallah como Ministro de Salud P\u00fablica de la Rep\u00fablica Dominicana ha marcado un hito significativo en el sector salud del pa\u00eds. Desde su nombramiento, Atallah ha trabajado incansablemente, no solo en la implementaci\u00f3n de pol\u00edticas de salud efectivas, sino tambi\u00e9n en la creaci\u00f3n de un enfoque humano y accesible para [&hellip;]<\/p>\n","protected":false},"author":10,"featured_media":0,"comment_status":"open","ping_status":"open","sticky":false,"template":"","format":"standard","meta":{"om_disable_all_campaigns":false,"_monsterinsights_skip_tracking":false,"_monsterinsights_sitenote_active":false,"_monsterinsights_sitenote_note":"","_monsterinsights_sitenote_category":0,"footnotes":""},"categories":[1],"tags":[159],"class_list":{"0":"post-2059","1":"post","2":"type-post","3":"status-publish","4":"format-standard","6":"category-nacionales","7":"tag-ministro-de-salud-publica-victor-atallah"},"aioseo_notices":[],"_links":{"self":[{"href":"https:\/\/periodicolarepublica.com\/index.php\/wp-json\/wp\/v2\/posts\/2059","targetHints":{"allow":["GET"]}}],"collection":[{"href":"https:\/\/periodicolarepublica.com\/index.php\/wp-json\/wp\/v2\/posts"}],"about":[{"href":"https:\/\/periodicolarepublica.com\/index.php\/wp-json\/wp\/v2\/types\/post"}],"author":[{"embeddable":true,"href":"https:\/\/periodicolarepublica.com\/index.php\/wp-json\/wp\/v2\/users\/10"}],"replies":[{"embeddable":true,"href":"https:\/\/periodicolarepublica.com\/index.php\/wp-json\/wp\/v2\/comments?post=2059"}],"version-history":[{"count":2,"href":"https:\/\/periodicolarepublica.com\/index.php\/wp-json\/wp\/v2\/posts\/2059\/revisions"}],"predecessor-version":[{"id":2064,"href":"https:\/\/periodicolarepublica.com\/index.php\/wp-json\/wp\/v2\/posts\/2059\/revisions\/2064"}],"wp:attachment":[{"href":"https:\/\/periodicolarepublica.com\/index.php\/wp-json\/wp\/v2\/media?parent=2059"}],"wp:term":[{"taxonomy":"category","embeddable":true,"href":"https:\/\/periodicolarepublica.com\/index.php\/wp-json\/wp\/v2\/categories?post=2059"},{"taxonomy":"post_tag","embeddable":true,"href":"https:\/\/periodicolarepublica.com\/index.php\/wp-json\/wp\/v2\/tags?post=2059"}],"curies":[{"name":"wp","href":"https:\/\/api.w.org\/{rel}","templated":true}]}}