{"id":2063,"date":"2024-11-09T21:21:25","date_gmt":"2024-11-09T20:21:25","guid":{"rendered":"https:\/\/periodicolarepublica.com\/?p=2063"},"modified":"2024-11-09T21:21:25","modified_gmt":"2024-11-09T20:21:25","slug":"dr-mario-lama-destaca-la-democratizacion-de-los-servicios-de-salud-en-el-pais","status":"publish","type":"post","link":"https:\/\/periodicolarepublica.com\/index.php\/2024\/11\/09\/dr-mario-lama-destaca-la-democratizacion-de-los-servicios-de-salud-en-el-pais\/","title":{"rendered":"Dr. Mario Lama, destaca la democratizaci\u00f3n de los servicios de salud en el pa\u00eds"},"content":{"rendered":"\r\n<p><img loading=\"lazy\" decoding=\"async\" class=\"size-medium wp-image-2067 alignright\" src=\"https:\/\/periodicolarepublica.com\/wp-content\/uploads\/2024\/11\/IMG_20241109_161422-300x300.jpg\" alt=\"\" width=\"300\" height=\"300\" srcset=\"https:\/\/periodicolarepublica.com\/wp-content\/uploads\/2024\/11\/IMG_20241109_161422-300x300.jpg?v=1731183653 300w, https:\/\/periodicolarepublica.com\/wp-content\/uploads\/2024\/11\/IMG_20241109_161422-150x150.jpg?v=1731183653 150w, https:\/\/periodicolarepublica.com\/wp-content\/uploads\/2024\/11\/IMG_20241109_161422.jpg?v=1731183653 400w\" sizes=\"auto, (max-width: 300px) 100vw, 300px\" \/>Santo Domingo \u2014 En un esfuerzo por garantizar el acceso a servicios de salud de calidad para todos los ciudadanos, el Dr. Mario Lama, Director Ejecutivo del Servicio Nacional de Salud, ha reafirmado su compromiso con la gesti\u00f3n y labor del sistema de salud en la Rep\u00fablica Dominicana. Bajo su liderazgo, se ha trabajado incansablemente para cumplir con uno de los principales objetivos del presidente Luis Abinader: que cada ciudadano tenga acceso a una atenci\u00f3n m\u00e9dica adecuada y oportuna.<br \/><br \/>Desde el inicio de su gesti\u00f3n, el Dr. Lama ha implementado diversas iniciativas que buscan democratizar los servicios de salud, asegurando que las comunidades m\u00e1s vulnerables tengan la atenci\u00f3n que merecen. \u00abNuestra misi\u00f3n es que la salud no sea un privilegio, sino un derecho accesible para todos\u00bb, afirm\u00f3 Lama durante una reciente inauguraci\u00f3n. <br \/><br \/>El Dr. Lama enfatiz\u00f3 que, a trav\u00e9s de la mejora de infraestructuras, capacitaci\u00f3n del personal m\u00e9dico y la ampliaci\u00f3n de programas de salud preventiva, se est\u00e1n logrando avances significativos en la atenci\u00f3n sanitaria. \u201cEstamos comprometidos con llevar salud al pueblo, garantizando que cada rinc\u00f3n del pa\u00eds cuente con los recursos necesarios para atender a su poblaci\u00f3n\u201d, a\u00f1adi\u00f3.<br \/><br \/>El Servicio Nacional de Salud continuar\u00e1 trabajando de la mano con el gobierno y las comunidades para seguir fortaleciendo el sistema de salud y garantizar una atenci\u00f3n digna y de calidad para todos.<\/p>\r\n","protected":false},"excerpt":{"rendered":"<p>Santo Domingo \u2014 En un esfuerzo por garantizar el acceso a servicios de salud de calidad para todos los ciudadanos, el Dr. Mario Lama, Director Ejecutivo del Servicio Nacional de Salud, ha reafirmado su compromiso con la gesti\u00f3n y labor del sistema de salud en la Rep\u00fablica Dominicana. Bajo su liderazgo, se ha trabajado incansablemente [&hellip;]<\/p>\n","protected":false},"author":10,"featured_media":2067,"comment_status":"open","ping_status":"open","sticky":false,"template":"","format":"standard","meta":{"om_disable_all_campaigns":false,"_monsterinsights_skip_tracking":false,"_monsterinsights_sitenote_active":false,"_monsterinsights_sitenote_note":"","_monsterinsights_sitenote_category":0,"footnotes":""},"categories":[1],"tags":[272],"class_list":{"0":"post-2063","1":"post","2":"type-post","3":"status-publish","4":"format-standard","5":"has-post-thumbnail","7":"category-nacionales","8":"tag-dr-mario-lama"},"aioseo_notices":[],"_links":{"self":[{"href":"https:\/\/periodicolarepublica.com\/index.php\/wp-json\/wp\/v2\/posts\/2063","targetHints":{"allow":["GET"]}}],"collection":[{"href":"https:\/\/periodicolarepublica.com\/index.php\/wp-json\/wp\/v2\/posts"}],"about":[{"href":"https:\/\/periodicolarepublica.com\/index.php\/wp-json\/wp\/v2\/types\/post"}],"author":[{"embeddable":true,"href":"https:\/\/periodicolarepublica.com\/index.php\/wp-json\/wp\/v2\/users\/10"}],"replies":[{"embeddable":true,"href":"https:\/\/periodicolarepublica.com\/index.php\/wp-json\/wp\/v2\/comments?post=2063"}],"version-history":[{"count":2,"href":"https:\/\/periodicolarepublica.com\/index.php\/wp-json\/wp\/v2\/posts\/2063\/revisions"}],"predecessor-version":[{"id":2068,"href":"https:\/\/periodicolarepublica.com\/index.php\/wp-json\/wp\/v2\/posts\/2063\/revisions\/2068"}],"wp:featuredmedia":[{"embeddable":true,"href":"https:\/\/periodicolarepublica.com\/index.php\/wp-json\/wp\/v2\/media\/2067"}],"wp:attachment":[{"href":"https:\/\/periodicolarepublica.com\/index.php\/wp-json\/wp\/v2\/media?parent=2063"}],"wp:term":[{"taxonomy":"category","embeddable":true,"href":"https:\/\/periodicolarepublica.com\/index.php\/wp-json\/wp\/v2\/categories?post=2063"},{"taxonomy":"post_tag","embeddable":true,"href":"https:\/\/periodicolarepublica.com\/index.php\/wp-json\/wp\/v2\/tags?post=2063"}],"curies":[{"name":"wp","href":"https:\/\/api.w.org\/{rel}","templated":true}]}}