{"id":2066,"date":"2024-11-10T15:08:33","date_gmt":"2024-11-10T14:08:33","guid":{"rendered":"https:\/\/periodicolarepublica.com\/?p=2066"},"modified":"2024-11-10T15:08:33","modified_gmt":"2024-11-10T14:08:33","slug":"dr-victor-atallah-impulsando-politicas-para-el-bienestar-de-la-comunidad-y-los-animales","status":"publish","type":"post","link":"https:\/\/periodicolarepublica.com\/index.php\/2024\/11\/10\/dr-victor-atallah-impulsando-politicas-para-el-bienestar-de-la-comunidad-y-los-animales\/","title":{"rendered":"Dr. V\u00edctor Atallah: Impulsando Pol\u00edticas para el Bienestar de la Comunidad y los Animales"},"content":{"rendered":"\r\n<p><img loading=\"lazy\" decoding=\"async\" class=\"size-medium wp-image-2080 alignright\" src=\"https:\/\/periodicolarepublica.com\/wp-content\/uploads\/2024\/11\/20241110_100529-255x300.jpg\" alt=\"\" width=\"255\" height=\"300\" \/>El Ministro de Salud P\u00fablica, Dr. V\u00edctor Atallah, ha demostrado un compromiso inquebrantable con el bienestar de la poblaci\u00f3n dominicana, as\u00ed como con la salud de todos los animales. Desde su llegada al cargo, ha impulsado una revoluci\u00f3n en el ministerio, introduciendo innovadoras iniciativas que buscan mejorar la calidad de vida de los ciudadanos.<br \/><br \/>El Dr. Atallah ha priorizado la digitalizaci\u00f3n de los procesos en el Ministerio de Salud, facilitando el acceso a los servicios de salud y permitiendo que m\u00e1s dominicanos se beneficien de programas de atenci\u00f3n m\u00e9dica de manera eficiente y efectiva. Estas transformaciones no solo representan un avance tecnol\u00f3gico, sino que tambi\u00e9n reflejan una esperanza renovada para la salud y el bienestar de todos.<br \/><br \/>\u201cEs un honor servir a nuestro pueblo y a nuestros amigos de cuatro patas. La salud de todos los seres vivos es fundamental para construir una sociedad m\u00e1s justa y saludable\u201d, afirm\u00f3 el Dr. Atallah en una reciente declaraci\u00f3n.<br \/><br \/>Los programas implementados bajo su liderazgo han sido recibidos con entusiasmo por la comunidad, y se espera que contin\u00faen transformando el sector salud en la Rep\u00fablica Dominicana.<\/p>\r\n","protected":false},"excerpt":{"rendered":"<p>El Ministro de Salud P\u00fablica, Dr. V\u00edctor Atallah, ha demostrado un compromiso inquebrantable con el bienestar de la poblaci\u00f3n dominicana, as\u00ed como con la salud de todos los animales. Desde su llegada al cargo, ha impulsado una revoluci\u00f3n en el ministerio, introduciendo innovadoras iniciativas que buscan mejorar la calidad de vida de los ciudadanos. El [&hellip;]<\/p>\n","protected":false},"author":10,"featured_media":0,"comment_status":"open","ping_status":"open","sticky":false,"template":"","format":"standard","meta":{"om_disable_all_campaigns":false,"_monsterinsights_skip_tracking":false,"_monsterinsights_sitenote_active":false,"_monsterinsights_sitenote_note":"","_monsterinsights_sitenote_category":0,"footnotes":""},"categories":[1],"tags":[159],"class_list":{"0":"post-2066","1":"post","2":"type-post","3":"status-publish","4":"format-standard","6":"category-nacionales","7":"tag-ministro-de-salud-publica-victor-atallah"},"aioseo_notices":[],"_links":{"self":[{"href":"https:\/\/periodicolarepublica.com\/index.php\/wp-json\/wp\/v2\/posts\/2066","targetHints":{"allow":["GET"]}}],"collection":[{"href":"https:\/\/periodicolarepublica.com\/index.php\/wp-json\/wp\/v2\/posts"}],"about":[{"href":"https:\/\/periodicolarepublica.com\/index.php\/wp-json\/wp\/v2\/types\/post"}],"author":[{"embeddable":true,"href":"https:\/\/periodicolarepublica.com\/index.php\/wp-json\/wp\/v2\/users\/10"}],"replies":[{"embeddable":true,"href":"https:\/\/periodicolarepublica.com\/index.php\/wp-json\/wp\/v2\/comments?post=2066"}],"version-history":[{"count":2,"href":"https:\/\/periodicolarepublica.com\/index.php\/wp-json\/wp\/v2\/posts\/2066\/revisions"}],"predecessor-version":[{"id":2081,"href":"https:\/\/periodicolarepublica.com\/index.php\/wp-json\/wp\/v2\/posts\/2066\/revisions\/2081"}],"wp:attachment":[{"href":"https:\/\/periodicolarepublica.com\/index.php\/wp-json\/wp\/v2\/media?parent=2066"}],"wp:term":[{"taxonomy":"category","embeddable":true,"href":"https:\/\/periodicolarepublica.com\/index.php\/wp-json\/wp\/v2\/categories?post=2066"},{"taxonomy":"post_tag","embeddable":true,"href":"https:\/\/periodicolarepublica.com\/index.php\/wp-json\/wp\/v2\/tags?post=2066"}],"curies":[{"name":"wp","href":"https:\/\/api.w.org\/{rel}","templated":true}]}}