{"id":2069,"date":"2024-11-09T23:51:50","date_gmt":"2024-11-09T22:51:50","guid":{"rendered":"https:\/\/periodicolarepublica.com\/?p=2069"},"modified":"2024-11-09T23:53:27","modified_gmt":"2024-11-09T22:53:27","slug":"programas-de-propeep-impactan-familias-vulnerables-de-independencia-y-bahoruco","status":"publish","type":"post","link":"https:\/\/periodicolarepublica.com\/index.php\/2024\/11\/09\/programas-de-propeep-impactan-familias-vulnerables-de-independencia-y-bahoruco\/","title":{"rendered":"Programas de Propeep impactan familias vulnerables de Independencia y Bahoruco"},"content":{"rendered":"<p>Roberto \u00c1ngel realiza extenso recorrido por comunidades de la lejana regi\u00f3n Sur del pa\u00eds<\/p>\n<blockquote><p><img loading=\"lazy\" decoding=\"async\" class=\"alignnone size-medium wp-image-2070\" src=\"https:\/\/periodicolarepublica.com\/wp-content\/uploads\/2024\/11\/IMG-20241109-WA0070-300x200.jpg\" alt=\"\" width=\"300\" height=\"200\" srcset=\"https:\/\/periodicolarepublica.com\/wp-content\/uploads\/2024\/11\/IMG-20241109-WA0070-300x200.jpg?v=1731192656 300w, https:\/\/periodicolarepublica.com\/wp-content\/uploads\/2024\/11\/IMG-20241109-WA0070-1024x684.jpg?v=1731192656 1024w, https:\/\/periodicolarepublica.com\/wp-content\/uploads\/2024\/11\/IMG-20241109-WA0070-768x513.jpg?v=1731192656 768w, https:\/\/periodicolarepublica.com\/wp-content\/uploads\/2024\/11\/IMG-20241109-WA0070-150x100.jpg?v=1731192656 150w, https:\/\/periodicolarepublica.com\/wp-content\/uploads\/2024\/11\/IMG-20241109-WA0070-600x401.jpg?v=1731192656 600w, https:\/\/periodicolarepublica.com\/wp-content\/uploads\/2024\/11\/IMG-20241109-WA0070-696x465.jpg?v=1731192656 696w, https:\/\/periodicolarepublica.com\/wp-content\/uploads\/2024\/11\/IMG-20241109-WA0070-1068x713.jpg?v=1731192656 1068w, https:\/\/periodicolarepublica.com\/wp-content\/uploads\/2024\/11\/IMG-20241109-WA0070.jpg?v=1731192656 1280w\" sizes=\"auto, (max-width: 300px) 100vw, 300px\" \/><\/p><\/blockquote>\n<p>*Independencia*.- La Direcci\u00f3n General de Programas Estrat\u00e9gicos y Especiales de la Presidencia (Propeep) impact\u00f3 este s\u00e1bado con sus jornadas de inclusi\u00f3n social a varios municipios de las provincias Independencia y Bahoruco, beneficiando a miles de familias en condiciones de vulnerabilidad.<\/p>\n<p>El director de Propeep, Roberto \u00c1ngel Salcedo, al encabezar y supervisar las acciones sociales desarrolladas en Angostura, del municipio Mella, y en el municipio Crist\u00f3bal, de la provincia Independencia, as\u00ed como en el municipio Tamayo y el Distrito Municipal Santana, de Bahoruco, dijo que estos programas tienen por objetivos democratizar, eficientizar y dignificar las ayudas y servicios del Gobierno, llev\u00e1ndolos a todas las comunidades del pa\u00eds, no importa lo apartada que se encuentren.<\/p>\n<p>Sostuvo que la visi\u00f3n del presidente Luis Abinader, desde que lleg\u00f3 al Gobierno, es de que las pol\u00edticas p\u00fablicas y las acciones sociales del Estado dominicano lleguen a las familias m\u00e1s humildes del pa\u00eds y que viven en condiciones de pobreza extrema y vulnerabilidad.<\/p>\n<p>*Visi\u00f3n de Abinader*<\/p>\n<p>Roberto \u00c1ngel manifest\u00f3 que es visi\u00f3n e inter\u00e9s del presidente Abinader que las jornadas de inclusi\u00f3n social \u00abPrimero T\u00fa\u00bb y \u00abCerca de T\u00ed\u00bb de Propeep se extiendan por todo el territorio nacional, concentrando en un solo lugar los servicios que ofrece junto a otras instituciones del Gobierno, para que la gente los reciba en sus comunidades y no tengan que trasladarse a zonas lejanas de sus residencias.<\/p>\n<p>El funcionario destac\u00f3 que estos programas est\u00e1n dirigidos a beneficiar desde los m\u00e1s peque\u00f1os de la casa hasta los adultos mayores que reciben la mano solidaria del Gobierno con alimentos crudos y cocinados, canastillas y prote\u00ednas, son registrados para gestionarles pensiones a trav\u00e9s del CONAPE, las tarjetas SUP\u00c9RATE y de salud del SENASA, pr\u00e9stamos de Promipyme, entre otros servicios.<\/p>\n<p>*Autoridades provinciales y municipales*<\/p>\n<p>Durante su extenso recorrido, Roberto \u00c1ngel estuvo acompa\u00f1ado por las gobernadoras Mercedes Nova, de Independencia, y Mar\u00eda Esther D\u00edaz, de Bahoruco; el senador Dagoberto Rodr\u00edguez Adames, el alcalde del municipio Mella, Carlos Rodrigo Matos y la alcaldesa del municipio Crist\u00f3bal, Sandra Pe\u00f1a, diputados y otras autoridades civiles y militares de ambas provincias, as\u00ed como funcionarios de Propeep.<\/p>\n<p>&nbsp;<\/p>\n<p>&nbsp;<\/p>\n<p>*Direcci\u00f3n de Comunicaciones*<\/p>\n<p>9 de noviembre de 2024.<\/p>\n","protected":false},"excerpt":{"rendered":"<p>Roberto \u00c1ngel realiza extenso recorrido por comunidades de la lejana regi\u00f3n Sur del pa\u00eds *Independencia*.- La Direcci\u00f3n General de Programas Estrat\u00e9gicos y Especiales de la Presidencia (Propeep) impact\u00f3 este s\u00e1bado con sus jornadas de inclusi\u00f3n social a varios municipios de las provincias Independencia y Bahoruco, beneficiando a miles de familias en condiciones de vulnerabilidad. El [&hellip;]<\/p>\n","protected":false},"author":6,"featured_media":2070,"comment_status":"open","ping_status":"open","sticky":false,"template":"","format":"standard","meta":{"om_disable_all_campaigns":false,"_monsterinsights_skip_tracking":false,"_monsterinsights_sitenote_active":false,"_monsterinsights_sitenote_note":"","_monsterinsights_sitenote_category":0,"footnotes":""},"categories":[1],"tags":[],"class_list":{"0":"post-2069","1":"post","2":"type-post","3":"status-publish","4":"format-standard","5":"has-post-thumbnail","7":"category-nacionales"},"aioseo_notices":[],"_links":{"self":[{"href":"https:\/\/periodicolarepublica.com\/index.php\/wp-json\/wp\/v2\/posts\/2069","targetHints":{"allow":["GET"]}}],"collection":[{"href":"https:\/\/periodicolarepublica.com\/index.php\/wp-json\/wp\/v2\/posts"}],"about":[{"href":"https:\/\/periodicolarepublica.com\/index.php\/wp-json\/wp\/v2\/types\/post"}],"author":[{"embeddable":true,"href":"https:\/\/periodicolarepublica.com\/index.php\/wp-json\/wp\/v2\/users\/6"}],"replies":[{"embeddable":true,"href":"https:\/\/periodicolarepublica.com\/index.php\/wp-json\/wp\/v2\/comments?post=2069"}],"version-history":[{"count":1,"href":"https:\/\/periodicolarepublica.com\/index.php\/wp-json\/wp\/v2\/posts\/2069\/revisions"}],"predecessor-version":[{"id":2071,"href":"https:\/\/periodicolarepublica.com\/index.php\/wp-json\/wp\/v2\/posts\/2069\/revisions\/2071"}],"wp:featuredmedia":[{"embeddable":true,"href":"https:\/\/periodicolarepublica.com\/index.php\/wp-json\/wp\/v2\/media\/2070"}],"wp:attachment":[{"href":"https:\/\/periodicolarepublica.com\/index.php\/wp-json\/wp\/v2\/media?parent=2069"}],"wp:term":[{"taxonomy":"category","embeddable":true,"href":"https:\/\/periodicolarepublica.com\/index.php\/wp-json\/wp\/v2\/categories?post=2069"},{"taxonomy":"post_tag","embeddable":true,"href":"https:\/\/periodicolarepublica.com\/index.php\/wp-json\/wp\/v2\/tags?post=2069"}],"curies":[{"name":"wp","href":"https:\/\/api.w.org\/{rel}","templated":true}]}}