{"id":2072,"date":"2024-11-09T23:56:06","date_gmt":"2024-11-09T22:56:06","guid":{"rendered":"https:\/\/periodicolarepublica.com\/?p=2072"},"modified":"2024-11-09T23:56:06","modified_gmt":"2024-11-09T22:56:06","slug":"alcaldia-de-santo-domingo-este-convoca-a-las-asambleas-de-bloques-del-presupuesto-participativo-municipal-2025","status":"publish","type":"post","link":"https:\/\/periodicolarepublica.com\/index.php\/2024\/11\/09\/alcaldia-de-santo-domingo-este-convoca-a-las-asambleas-de-bloques-del-presupuesto-participativo-municipal-2025\/","title":{"rendered":"Alcald\u00eda de Santo Domingo Este Convoca a las Asambleas de Bloques del Presupuesto Participativo Municipal 2025"},"content":{"rendered":"<p>Santo Domingo Este.- La Alcald\u00eda de Santo Domingo Este, realiz\u00f3 las asambleas de bloques donde se eligieron a los delegados para las elecciones de las obras comunitarias correspondientes al Presupuesto Participativo Municipal 2025 en la circunscripci\u00f3n #1. Las asambleas se realizaron en varios puntos estrat\u00e9gicos, incluyendo la Escuela Panam\u00e1, el multiuso de Bello Campo, el multiuso Ralma, la Casa de la Cultura de Calero y el multiuso de Los Tres Ojos.<\/p>\n<p><img loading=\"lazy\" decoding=\"async\" class=\"alignnone size-medium wp-image-2073\" src=\"https:\/\/periodicolarepublica.com\/wp-content\/uploads\/2024\/11\/IMG-20241109-WA0079-300x200.jpg\" alt=\"\" width=\"300\" height=\"200\" srcset=\"https:\/\/periodicolarepublica.com\/wp-content\/uploads\/2024\/11\/IMG-20241109-WA0079-300x200.jpg?v=1731192949 300w, https:\/\/periodicolarepublica.com\/wp-content\/uploads\/2024\/11\/IMG-20241109-WA0079-1024x682.jpg?v=1731192949 1024w, https:\/\/periodicolarepublica.com\/wp-content\/uploads\/2024\/11\/IMG-20241109-WA0079-768x512.jpg?v=1731192949 768w, https:\/\/periodicolarepublica.com\/wp-content\/uploads\/2024\/11\/IMG-20241109-WA0079-1536x1023.jpg?v=1731192949 1536w, https:\/\/periodicolarepublica.com\/wp-content\/uploads\/2024\/11\/IMG-20241109-WA0079-150x100.jpg?v=1731192949 150w, https:\/\/periodicolarepublica.com\/wp-content\/uploads\/2024\/11\/IMG-20241109-WA0079-600x400.jpg?v=1731192949 600w, https:\/\/periodicolarepublica.com\/wp-content\/uploads\/2024\/11\/IMG-20241109-WA0079-696x464.jpg?v=1731192949 696w, https:\/\/periodicolarepublica.com\/wp-content\/uploads\/2024\/11\/IMG-20241109-WA0079-1392x927.jpg?v=1731192949 1392w, https:\/\/periodicolarepublica.com\/wp-content\/uploads\/2024\/11\/IMG-20241109-WA0079-1068x712.jpg?v=1731192949 1068w, https:\/\/periodicolarepublica.com\/wp-content\/uploads\/2024\/11\/IMG-20241109-WA0079.jpg?v=1731192949 1600w\" sizes=\"auto, (max-width: 300px) 100vw, 300px\" \/><\/p>\n<p>Estas asambleas son espacios donde los delegados de distintos bloques de la circunscripci\u00f3n decidieron sobre las obras prioritarias que beneficiar\u00e1n a sus comunidades. En estos encuentros, los delegados representan a sus sectores y tienen la responsabilidad de votar y aprobar cuatro proyectos propuestos para cada bloque. Las obras que reciban la mayor cantidad de votos ser\u00e1n clasificadas por orden de prioridad, asegurando que las necesidades comunitarias sean atendidas de manera justa y equitativa.<\/p>\n<p>El presupuesto participativo municipal 2025 cuenta con presupuesto de 180 millones de pesos que ser\u00e1n distribuidos equitativamente entre las tres circunscripciones que componen el municipio de Santo Domingo Este<\/p>\n<p>La Alcald\u00eda de Santo Domingo Este invita a todos los delegados y miembros de la comunidad a participar en estas asambleas y a contribuir al crecimiento y mejora de sus comunidades a trav\u00e9s de proyectos que respondan a sus necesidades prioritarias.<\/p>\n<p>Esta asambleas destaca, el prop\u00f3sito que tiene la Alcald\u00eda en dar participaci\u00f3n comunitaria y la transparencia del presupuesto participativo municipal con el proceso de selecci\u00f3n de las obras.<\/p>\n","protected":false},"excerpt":{"rendered":"<p>Santo Domingo Este.- La Alcald\u00eda de Santo Domingo Este, realiz\u00f3 las asambleas de bloques donde se eligieron a los delegados para las elecciones de las obras comunitarias correspondientes al Presupuesto Participativo Municipal 2025 en la circunscripci\u00f3n #1. Las asambleas se realizaron en varios puntos estrat\u00e9gicos, incluyendo la Escuela Panam\u00e1, el multiuso de Bello Campo, el [&hellip;]<\/p>\n","protected":false},"author":6,"featured_media":2073,"comment_status":"open","ping_status":"open","sticky":false,"template":"","format":"standard","meta":{"om_disable_all_campaigns":false,"_monsterinsights_skip_tracking":false,"_monsterinsights_sitenote_active":false,"_monsterinsights_sitenote_note":"","_monsterinsights_sitenote_category":0,"footnotes":""},"categories":[1],"tags":[],"class_list":{"0":"post-2072","1":"post","2":"type-post","3":"status-publish","4":"format-standard","5":"has-post-thumbnail","7":"category-nacionales"},"aioseo_notices":[],"_links":{"self":[{"href":"https:\/\/periodicolarepublica.com\/index.php\/wp-json\/wp\/v2\/posts\/2072","targetHints":{"allow":["GET"]}}],"collection":[{"href":"https:\/\/periodicolarepublica.com\/index.php\/wp-json\/wp\/v2\/posts"}],"about":[{"href":"https:\/\/periodicolarepublica.com\/index.php\/wp-json\/wp\/v2\/types\/post"}],"author":[{"embeddable":true,"href":"https:\/\/periodicolarepublica.com\/index.php\/wp-json\/wp\/v2\/users\/6"}],"replies":[{"embeddable":true,"href":"https:\/\/periodicolarepublica.com\/index.php\/wp-json\/wp\/v2\/comments?post=2072"}],"version-history":[{"count":1,"href":"https:\/\/periodicolarepublica.com\/index.php\/wp-json\/wp\/v2\/posts\/2072\/revisions"}],"predecessor-version":[{"id":2074,"href":"https:\/\/periodicolarepublica.com\/index.php\/wp-json\/wp\/v2\/posts\/2072\/revisions\/2074"}],"wp:featuredmedia":[{"embeddable":true,"href":"https:\/\/periodicolarepublica.com\/index.php\/wp-json\/wp\/v2\/media\/2073"}],"wp:attachment":[{"href":"https:\/\/periodicolarepublica.com\/index.php\/wp-json\/wp\/v2\/media?parent=2072"}],"wp:term":[{"taxonomy":"category","embeddable":true,"href":"https:\/\/periodicolarepublica.com\/index.php\/wp-json\/wp\/v2\/categories?post=2072"},{"taxonomy":"post_tag","embeddable":true,"href":"https:\/\/periodicolarepublica.com\/index.php\/wp-json\/wp\/v2\/tags?post=2072"}],"curies":[{"name":"wp","href":"https:\/\/api.w.org\/{rel}","templated":true}]}}