{"id":2086,"date":"2024-11-12T22:00:06","date_gmt":"2024-11-12T21:00:06","guid":{"rendered":"https:\/\/periodicolarepublica.com\/?p=2086"},"modified":"2024-11-12T22:00:06","modified_gmt":"2024-11-12T21:00:06","slug":"presidente-del-movimiento-poder-pal-pueblo-respaldara-iniciativas-del-gobierno-abinader","status":"publish","type":"post","link":"https:\/\/periodicolarepublica.com\/index.php\/2024\/11\/12\/presidente-del-movimiento-poder-pal-pueblo-respaldara-iniciativas-del-gobierno-abinader\/","title":{"rendered":"Presidente del Movimiento Poder P&#8217;AL Pueblo Respaldar\u00e1 Iniciativas del Gobierno Abinader"},"content":{"rendered":"\r\n<p><img loading=\"lazy\" decoding=\"async\" class=\"size-medium wp-image-963 alignright\" src=\"https:\/\/periodicolarepublica.com\/wp-content\/uploads\/2024\/06\/IMG-20240202-WA0409-300x205.jpg\" alt=\"\" width=\"300\" height=\"205\" srcset=\"https:\/\/periodicolarepublica.com\/wp-content\/uploads\/2024\/06\/IMG-20240202-WA0409-300x205.jpg?v=1717437535 300w, https:\/\/periodicolarepublica.com\/wp-content\/uploads\/2024\/06\/IMG-20240202-WA0409-1024x698.jpg?v=1717437535 1024w, https:\/\/periodicolarepublica.com\/wp-content\/uploads\/2024\/06\/IMG-20240202-WA0409-768x524.jpg?v=1717437535 768w, https:\/\/periodicolarepublica.com\/wp-content\/uploads\/2024\/06\/IMG-20240202-WA0409-150x102.jpg?v=1717437535 150w, https:\/\/periodicolarepublica.com\/wp-content\/uploads\/2024\/06\/IMG-20240202-WA0409-218x150.jpg?v=1717437535 218w, https:\/\/periodicolarepublica.com\/wp-content\/uploads\/2024\/06\/IMG-20240202-WA0409-436x300.jpg?v=1717437535 436w, https:\/\/periodicolarepublica.com\/wp-content\/uploads\/2024\/06\/IMG-20240202-WA0409-600x409.jpg?v=1717437535 600w, https:\/\/periodicolarepublica.com\/wp-content\/uploads\/2024\/06\/IMG-20240202-WA0409-696x475.jpg?v=1717437535 696w, https:\/\/periodicolarepublica.com\/wp-content\/uploads\/2024\/06\/IMG-20240202-WA0409-1068x728.jpg?v=1717437535 1068w, https:\/\/periodicolarepublica.com\/wp-content\/uploads\/2024\/06\/IMG-20240202-WA0409.jpg?v=1717437535 1236w\" sizes=\"auto, (max-width: 300px) 100vw, 300px\" \/>Santo Domingo, \u2014 El Ing. Tom\u00e1s Hern\u00e1ndez Alberto, presidente del Movimiento Poder P&#8217;AL Pueblo, ofreci\u00f3 hoy declaraciones contundentes sobre la reciente presentaci\u00f3n del presidente Luis Abinader en la Semanal de Abastecimiento Navide\u00f1o Asegurado Durante su intervenci\u00f3n, Abinader asegur\u00f3 que el pueblo dominicano disfrutar\u00e1 de unas navidades repletas de productos agropecuarios, con un 90% de origen nacional.<br \/><br \/>Hern\u00e1ndez Alberto destac\u00f3 la importancia de esta iniciativa, enfatizando que el esfuerzo por promover la producci\u00f3n local no solo beneficiar\u00e1 la econom\u00eda nacional, sino que tambi\u00e9n fomentar\u00e1 el desarrollo de los agricultores dominicanos. \u00abEs un paso significativo hacia la autosuficiencia alimentaria del pa\u00eds\u00bb, afirm\u00f3.<br \/><br \/>El l\u00edder del movimiento tambi\u00e9n expres\u00f3 su apoyo a la pol\u00edtica migratoria implementada por el presidente Abinader. \u00abEs fundamental tener un enfoque responsable y humanitario en la gesti\u00f3n migratoria, y el presidente ha demostrado tener la visi\u00f3n necesaria para abordar este tema con seriedad\u00bb, agreg\u00f3.<br \/><br \/>En sus declaraciones, Hern\u00e1ndez Alberto no escatim\u00f3 en cr\u00edticas hacia la oposici\u00f3n, que, seg\u00fan \u00e9l, \u201cya no sabe qu\u00e9 decir ni qu\u00e9 inventar\u201d. Asegur\u00f3 que los esfuerzos del presidente Abinader han desenmascarado a aquellos que buscan socavar la confianza del pueblo en su gobierno.<br \/><br \/>El presidente del Movimiento Poder P&#8217;AL Pueblo subray\u00f3 que, con la aprobaci\u00f3n de la reforma constitucional, se ha demostrado que Abinader es un \u201chombre serio y responsable\u201d. \u201cNo hay cartas bajo la mesa; lo que hay es un compromiso genuino con el bienestar del pa\u00eds\u201d, sostuvo.<br \/><br \/>Asimismo, Hern\u00e1ndez Alberto inst\u00f3 a la poblaci\u00f3n a unirse en apoyo a las iniciativas del gobierno, resaltando que el progreso y el desarrollo del pa\u00eds dependen del trabajo conjunto entre el gobierno y la ciudadan\u00eda.<br \/><br \/>\u201cEs momento de dejar atr\u00e1s las divisiones y trabajar juntos por un futuro mejor\u201d, concluy\u00f3. Su llamado a la unidad busca fomentar un ambiente de colaboraci\u00f3n y di\u00e1logo en la pol\u00edtica dominicana.<br \/><br \/>Finalmente, el presidente del movimiento reafirm\u00f3 su disposici\u00f3n a colaborar con el gobierno en la implementaci\u00f3n de pol\u00edticas que favorezcan el desarrollo social y econ\u00f3mico del pa\u00eds. \u00abEstamos aqu\u00ed para apoyar lo que beneficia al pueblo\u00bb, finaliz\u00f3.<\/p>\r\n","protected":false},"excerpt":{"rendered":"<p>Santo Domingo, \u2014 El Ing. Tom\u00e1s Hern\u00e1ndez Alberto, presidente del Movimiento Poder P&#8217;AL Pueblo, ofreci\u00f3 hoy declaraciones contundentes sobre la reciente presentaci\u00f3n del presidente Luis Abinader en la Semanal de Abastecimiento Navide\u00f1o Asegurado Durante su intervenci\u00f3n, Abinader asegur\u00f3 que el pueblo dominicano disfrutar\u00e1 de unas navidades repletas de productos agropecuarios, con un 90% de origen [&hellip;]<\/p>\n","protected":false},"author":10,"featured_media":963,"comment_status":"open","ping_status":"open","sticky":false,"template":"","format":"standard","meta":{"om_disable_all_campaigns":false,"_monsterinsights_skip_tracking":false,"_monsterinsights_sitenote_active":false,"_monsterinsights_sitenote_note":"","_monsterinsights_sitenote_category":0,"footnotes":""},"categories":[1],"tags":[163],"class_list":{"0":"post-2086","1":"post","2":"type-post","3":"status-publish","4":"format-standard","5":"has-post-thumbnail","7":"category-nacionales","8":"tag-tomas-hernandez-alberto"},"aioseo_notices":[],"_links":{"self":[{"href":"https:\/\/periodicolarepublica.com\/index.php\/wp-json\/wp\/v2\/posts\/2086","targetHints":{"allow":["GET"]}}],"collection":[{"href":"https:\/\/periodicolarepublica.com\/index.php\/wp-json\/wp\/v2\/posts"}],"about":[{"href":"https:\/\/periodicolarepublica.com\/index.php\/wp-json\/wp\/v2\/types\/post"}],"author":[{"embeddable":true,"href":"https:\/\/periodicolarepublica.com\/index.php\/wp-json\/wp\/v2\/users\/10"}],"replies":[{"embeddable":true,"href":"https:\/\/periodicolarepublica.com\/index.php\/wp-json\/wp\/v2\/comments?post=2086"}],"version-history":[{"count":2,"href":"https:\/\/periodicolarepublica.com\/index.php\/wp-json\/wp\/v2\/posts\/2086\/revisions"}],"predecessor-version":[{"id":2091,"href":"https:\/\/periodicolarepublica.com\/index.php\/wp-json\/wp\/v2\/posts\/2086\/revisions\/2091"}],"wp:featuredmedia":[{"embeddable":true,"href":"https:\/\/periodicolarepublica.com\/index.php\/wp-json\/wp\/v2\/media\/963"}],"wp:attachment":[{"href":"https:\/\/periodicolarepublica.com\/index.php\/wp-json\/wp\/v2\/media?parent=2086"}],"wp:term":[{"taxonomy":"category","embeddable":true,"href":"https:\/\/periodicolarepublica.com\/index.php\/wp-json\/wp\/v2\/categories?post=2086"},{"taxonomy":"post_tag","embeddable":true,"href":"https:\/\/periodicolarepublica.com\/index.php\/wp-json\/wp\/v2\/tags?post=2086"}],"curies":[{"name":"wp","href":"https:\/\/api.w.org\/{rel}","templated":true}]}}