{"id":2090,"date":"2024-11-12T22:44:58","date_gmt":"2024-11-12T21:44:58","guid":{"rendered":"https:\/\/periodicolarepublica.com\/?p=2090"},"modified":"2024-11-12T22:44:58","modified_gmt":"2024-11-12T21:44:58","slug":"ministro-de-salud-realiza-reunion-de-seguimiento-con-gremios-de-salud","status":"publish","type":"post","link":"https:\/\/periodicolarepublica.com\/index.php\/2024\/11\/12\/ministro-de-salud-realiza-reunion-de-seguimiento-con-gremios-de-salud\/","title":{"rendered":"Ministro de Salud realiza reuni\u00f3n de seguimiento con gremios de salud"},"content":{"rendered":"\r\n<p><img loading=\"lazy\" decoding=\"async\" class=\"size-medium wp-image-2094 alignright\" src=\"https:\/\/periodicolarepublica.com\/wp-content\/uploads\/2024\/11\/IMG-20241112-WA0051-300x200.jpg\" alt=\"\" width=\"300\" height=\"200\" srcset=\"https:\/\/periodicolarepublica.com\/wp-content\/uploads\/2024\/11\/IMG-20241112-WA0051-300x200.jpg?v=1731447870 300w, https:\/\/periodicolarepublica.com\/wp-content\/uploads\/2024\/11\/IMG-20241112-WA0051-1024x683.jpg?v=1731447870 1024w, https:\/\/periodicolarepublica.com\/wp-content\/uploads\/2024\/11\/IMG-20241112-WA0051-768x512.jpg?v=1731447870 768w, https:\/\/periodicolarepublica.com\/wp-content\/uploads\/2024\/11\/IMG-20241112-WA0051-150x100.jpg?v=1731447870 150w, https:\/\/periodicolarepublica.com\/wp-content\/uploads\/2024\/11\/IMG-20241112-WA0051-600x400.jpg?v=1731447870 600w, https:\/\/periodicolarepublica.com\/wp-content\/uploads\/2024\/11\/IMG-20241112-WA0051-696x464.jpg?v=1731447870 696w, https:\/\/periodicolarepublica.com\/wp-content\/uploads\/2024\/11\/IMG-20241112-WA0051.jpg?v=1731447870 1040w\" sizes=\"auto, (max-width: 300px) 100vw, 300px\" \/>*Santo Domingo. \u2013* El Ministro de Salud, V\u00edctor Atallah, sostuvo un encuentro este martes con representantes de gremios que agrupan profesionales de enfermer\u00eda, farmac\u00e9uticos, psic\u00f3logos, radi\u00f3logos entre otros, con la finalidad de crear mesas t\u00e9cnicas de trabajo sectorizadas para la discusi\u00f3n de un posible aumento salarial escalonado para estos especialistas.<br \/><br \/>El titular de Salud manifest\u00f3 la disposici\u00f3n del Gobierno de cubrir las demandas del sector salud y continuar socializando para llegar a un acuerdo justo y que la poblaci\u00f3n dominicana sea la m\u00e1s beneficiada.<br \/><br \/>\u00b4\u00b4Es nuestro prop\u00f3sito garantizar que la salud a la poblaci\u00f3n se ofrezca de manera ininterrumpida y con calidad, al tiempo que los profesionales, t\u00e9cnicos y dem\u00e1s especialistas del sector trabajen en conformidad y con entusiasmo en la vocaci\u00f3n que ejercen. Por ello estamos aqu\u00ed, para dar seguimiento y buscar soluciones conjuntas a sus reclamos\u00b4\u00b4, declar\u00f3.<br \/><br \/>Manifest\u00f3 que a trav\u00e9s de los encuentros pautados, se lograr\u00e1n los avances necesarios y cubrir lo demandado por los gremios. Agreg\u00f3 que desde el Ministerio de Salud ya se trabaja en la parte jur\u00eddica de un futuro acuerdo y se socializa adem\u00e1s con Pensiones.<br \/><br \/>El encuentro, realizado en el Ministerio de Salud, cont\u00f3 con la participaci\u00f3n del ministro de Trabajo, Luis Miguel De Camps, quien indic\u00f3 que el Gobierno del presidente Luis Abinader act\u00faa con transparencia siendo este encuentro parte de ello.<br \/><br \/>\u00b4\u00b4Estamos aqu\u00ed para construir soluciones, este encuentro de seguimiento es muestra de que el gobierno escucha, act\u00faa con transparencia y buena disposici\u00f3n\u00b4\u00b4, declar\u00f3 De Camps.<br \/><br \/>Asimismo estuvo presente Jos\u00e9 Rijo Presbot, director general de Presupuesto, quien trat\u00f3 sobre algunas partidas que est\u00e1n dirigidas a instituciones del Estado y precis\u00f3 que se eval\u00faa los fondos de los cuales provendr\u00e1 el punto en discusi\u00f3n.<br \/><br \/>En el encuentro se trat\u00f3 sobre la conformaci\u00f3n de mesas t\u00e9cnicas de trabajo que estar\u00edan compuestas por representantes de diferentes asociaciones de salud.<br \/><br \/>Estuvieron presentes: Sabrina de La Cruz, viceministra de Relaciones Sindicales y Empresariales; Francisco Garc\u00eda, de la Uni\u00f3n Nacional de Servicios de Enfermer\u00eda Dominicana (UNASED); Antonia Geraldino en representaci\u00f3n del Sindicato Nacional de Trabajadores de Enfermer\u00eda (SINATRAE); Jes\u00fas Fr\u00edas de la Asociaci\u00f3n de Enfermer\u00eda del IDSS (ADEIDSS); Berta de La Cruz, del Colegio Dominicano de Profesionales de Enfermer\u00eda (CODOPENF) ; Rafaela Figuereo de la Uni\u00f3n Nacional de Servicios de Enfermer\u00eda Dominicana (UNASE).<br \/><br \/>As\u00ed tambi\u00e9n representantes del Colegio Farmac\u00e9uticos; Colegio de Psic\u00f3logos; la Asociaci\u00f3n Nacional de Enfermer\u00eda (ASONAEN); el Colegio Dominicano de Bioanalistas (CODOBIO) entre otros gremios de salud.<br \/><br \/>Esta reuni\u00f3n es parte del di\u00e1logo iniciado el pasado viernes con el Colegio M\u00e9dico Dominicano (CMD) y otros gremios de Salud, quienes demandan varias reivindicaciones y mejora de las condiciones laborales de los profesionales de la salud, las cuales son socializadas con la vicepresidenta de la Rep\u00fablica y el Gabinete de Salud, a fin de buscar una mejor soluci\u00f3n a las demandas del sector.<\/p>\r\n","protected":false},"excerpt":{"rendered":"<p>*Santo Domingo. \u2013* El Ministro de Salud, V\u00edctor Atallah, sostuvo un encuentro este martes con representantes de gremios que agrupan profesionales de enfermer\u00eda, farmac\u00e9uticos, psic\u00f3logos, radi\u00f3logos entre otros, con la finalidad de crear mesas t\u00e9cnicas de trabajo sectorizadas para la discusi\u00f3n de un posible aumento salarial escalonado para estos especialistas. El titular de Salud manifest\u00f3 [&hellip;]<\/p>\n","protected":false},"author":10,"featured_media":2094,"comment_status":"open","ping_status":"open","sticky":false,"template":"","format":"standard","meta":{"om_disable_all_campaigns":false,"_monsterinsights_skip_tracking":false,"_monsterinsights_sitenote_active":false,"_monsterinsights_sitenote_note":"","_monsterinsights_sitenote_category":0,"footnotes":""},"categories":[1],"tags":[159],"class_list":{"0":"post-2090","1":"post","2":"type-post","3":"status-publish","4":"format-standard","5":"has-post-thumbnail","7":"category-nacionales","8":"tag-ministro-de-salud-publica-victor-atallah"},"aioseo_notices":[],"_links":{"self":[{"href":"https:\/\/periodicolarepublica.com\/index.php\/wp-json\/wp\/v2\/posts\/2090","targetHints":{"allow":["GET"]}}],"collection":[{"href":"https:\/\/periodicolarepublica.com\/index.php\/wp-json\/wp\/v2\/posts"}],"about":[{"href":"https:\/\/periodicolarepublica.com\/index.php\/wp-json\/wp\/v2\/types\/post"}],"author":[{"embeddable":true,"href":"https:\/\/periodicolarepublica.com\/index.php\/wp-json\/wp\/v2\/users\/10"}],"replies":[{"embeddable":true,"href":"https:\/\/periodicolarepublica.com\/index.php\/wp-json\/wp\/v2\/comments?post=2090"}],"version-history":[{"count":2,"href":"https:\/\/periodicolarepublica.com\/index.php\/wp-json\/wp\/v2\/posts\/2090\/revisions"}],"predecessor-version":[{"id":2095,"href":"https:\/\/periodicolarepublica.com\/index.php\/wp-json\/wp\/v2\/posts\/2090\/revisions\/2095"}],"wp:featuredmedia":[{"embeddable":true,"href":"https:\/\/periodicolarepublica.com\/index.php\/wp-json\/wp\/v2\/media\/2094"}],"wp:attachment":[{"href":"https:\/\/periodicolarepublica.com\/index.php\/wp-json\/wp\/v2\/media?parent=2090"}],"wp:term":[{"taxonomy":"category","embeddable":true,"href":"https:\/\/periodicolarepublica.com\/index.php\/wp-json\/wp\/v2\/categories?post=2090"},{"taxonomy":"post_tag","embeddable":true,"href":"https:\/\/periodicolarepublica.com\/index.php\/wp-json\/wp\/v2\/tags?post=2090"}],"curies":[{"name":"wp","href":"https:\/\/api.w.org\/{rel}","templated":true}]}}