{"id":2093,"date":"2024-11-14T20:04:49","date_gmt":"2024-11-14T19:04:49","guid":{"rendered":"https:\/\/periodicolarepublica.com\/?p=2093"},"modified":"2024-11-14T20:04:49","modified_gmt":"2024-11-14T19:04:49","slug":"ingeniero-tomas-hernandez-alberto-defiende-la-gestion-de-luis-abinader-ante-criticas","status":"publish","type":"post","link":"https:\/\/periodicolarepublica.com\/index.php\/2024\/11\/14\/ingeniero-tomas-hernandez-alberto-defiende-la-gestion-de-luis-abinader-ante-criticas\/","title":{"rendered":"\u00abIngeniero Tom\u00e1s Hern\u00e1ndez Alberto Defiende la Gesti\u00f3n de Luis Abinader ante Cr\u00edticas\u00bb"},"content":{"rendered":"\r\n<p><img loading=\"lazy\" decoding=\"async\" class=\"size-medium wp-image-2113 alignright\" src=\"https:\/\/periodicolarepublica.com\/wp-content\/uploads\/2024\/11\/20241114_143150-300x254.jpg\" alt=\"\" width=\"300\" height=\"254\" srcset=\"https:\/\/periodicolarepublica.com\/wp-content\/uploads\/2024\/11\/20241114_143150-300x254.jpg?v=1731611062 300w, https:\/\/periodicolarepublica.com\/wp-content\/uploads\/2024\/11\/20241114_143150-150x127.jpg?v=1731611062 150w, https:\/\/periodicolarepublica.com\/wp-content\/uploads\/2024\/11\/20241114_143150-600x508.jpg?v=1731611062 600w, https:\/\/periodicolarepublica.com\/wp-content\/uploads\/2024\/11\/20241114_143150.jpg?v=1731611062 680w\" sizes=\"auto, (max-width: 300px) 100vw, 300px\" \/><br \/><br \/>Santo Domingo, \u2013 En una reciente declaraci\u00f3n, el ingeniero Tom\u00e1s Hern\u00e1ndez Alberto expres\u00f3 su firme apoyo al presidente Luis Abinader y rechaz\u00f3 los rumores de corrupci\u00f3n que han circulado en torno a su administraci\u00f3n. Hern\u00e1ndez Alberto afirm\u00f3 que el presidente no se involucra en pr\u00e1cticas corruptas y que su equipo de trabajo est\u00e1 comprometido con el bienestar del pueblo dominicano.<br \/><br \/>Durante una conferencia de prensa, el ingeniero destac\u00f3 que el presidente Abinader tiene \u00abamigos, pero no c\u00f3mplices\u00bb, enfatizando que su administraci\u00f3n se basa en la transparencia y la rendici\u00f3n de cuentas. \u00abHemos demostrado en m\u00faltiples ocasiones que aquellos que intentan aprovecharse de los recursos del pueblo enfrentan las consecuencias de sus actos\u00bb, indic\u00f3.<br \/><br \/>Hern\u00e1ndez Alberto tambi\u00e9n critic\u00f3 a la oposici\u00f3n, se\u00f1alando que carecen de argumentos s\u00f3lidos para cuestionar al presidente y al Partido Revolucionario Moderno (PRM). \u00abLa oposici\u00f3n no tiene un plan viable; su \u00fanico recurso es intentar desacreditar a quienes trabajamos por el pueblo\u00bb, a\u00f1adi\u00f3.<br \/><br \/>El ingeniero resalt\u00f3 que el compromiso del presidente Abinader con el pa\u00eds es inquebrantable. \u00abEstamos ante el mejor presidente de este siglo, un hombre que no descansa en su labor por mejorar la calidad de vida de los dominicanos\u00bb, afirm\u00f3. Su dedicaci\u00f3n ha sido evidente en diversas iniciativas que buscan el desarrollo social y econ\u00f3mico de la naci\u00f3n.<br \/><br \/>Hern\u00e1ndez Alberto tambi\u00e9n mencion\u00f3 los logros alcanzados durante la gesti\u00f3n de Abinader, incluyendo la creaci\u00f3n de empleos y la implementaci\u00f3n de programas sociales. \u00abEstos esfuerzos son una prueba del compromiso del presidente con su pueblo y su deseo de construir un futuro mejor para todos\u00bb, sostuvo.<br \/><br \/>El ingeniero hizo un llamado a la ciudadan\u00eda para que se una en apoyo al gobierno actual. \u00abEs momento de trabajar juntos por un pa\u00eds m\u00e1s pr\u00f3spero y justo. La uni\u00f3n y la colaboraci\u00f3n son esenciales para alcanzar nuestras metas\u00bb, expres\u00f3.<br \/><br \/>Asimismo, inst\u00f3 a los medios de comunicaci\u00f3n a informar con responsabilidad y objetividad. \u00abEs fundamental que la prensa juegue su papel en la construcci\u00f3n de un discurso que fomente la verdad y no la desinformaci\u00f3n\u00bb, concluy\u00f3.<br \/><br \/>Finalmente, Hern\u00e1ndez Alberto reiter\u00f3 su confianza en la administraci\u00f3n del presidente Abinader. \u00abEstamos en un camino de progreso y desarrollo que no debe ser interrumpido por rumores infundados\u00bb, concluy\u00f3.<\/p>\r\n","protected":false},"excerpt":{"rendered":"<p>Santo Domingo, \u2013 En una reciente declaraci\u00f3n, el ingeniero Tom\u00e1s Hern\u00e1ndez Alberto expres\u00f3 su firme apoyo al presidente Luis Abinader y rechaz\u00f3 los rumores de corrupci\u00f3n que han circulado en torno a su administraci\u00f3n. Hern\u00e1ndez Alberto afirm\u00f3 que el presidente no se involucra en pr\u00e1cticas corruptas y que su equipo de trabajo est\u00e1 comprometido con [&hellip;]<\/p>\n","protected":false},"author":10,"featured_media":2113,"comment_status":"open","ping_status":"open","sticky":false,"template":"","format":"standard","meta":{"om_disable_all_campaigns":false,"_monsterinsights_skip_tracking":false,"_monsterinsights_sitenote_active":false,"_monsterinsights_sitenote_note":"","_monsterinsights_sitenote_category":0,"footnotes":""},"categories":[1],"tags":[163],"class_list":{"0":"post-2093","1":"post","2":"type-post","3":"status-publish","4":"format-standard","5":"has-post-thumbnail","7":"category-nacionales","8":"tag-tomas-hernandez-alberto"},"aioseo_notices":[],"_links":{"self":[{"href":"https:\/\/periodicolarepublica.com\/index.php\/wp-json\/wp\/v2\/posts\/2093","targetHints":{"allow":["GET"]}}],"collection":[{"href":"https:\/\/periodicolarepublica.com\/index.php\/wp-json\/wp\/v2\/posts"}],"about":[{"href":"https:\/\/periodicolarepublica.com\/index.php\/wp-json\/wp\/v2\/types\/post"}],"author":[{"embeddable":true,"href":"https:\/\/periodicolarepublica.com\/index.php\/wp-json\/wp\/v2\/users\/10"}],"replies":[{"embeddable":true,"href":"https:\/\/periodicolarepublica.com\/index.php\/wp-json\/wp\/v2\/comments?post=2093"}],"version-history":[{"count":2,"href":"https:\/\/periodicolarepublica.com\/index.php\/wp-json\/wp\/v2\/posts\/2093\/revisions"}],"predecessor-version":[{"id":2114,"href":"https:\/\/periodicolarepublica.com\/index.php\/wp-json\/wp\/v2\/posts\/2093\/revisions\/2114"}],"wp:featuredmedia":[{"embeddable":true,"href":"https:\/\/periodicolarepublica.com\/index.php\/wp-json\/wp\/v2\/media\/2113"}],"wp:attachment":[{"href":"https:\/\/periodicolarepublica.com\/index.php\/wp-json\/wp\/v2\/media?parent=2093"}],"wp:term":[{"taxonomy":"category","embeddable":true,"href":"https:\/\/periodicolarepublica.com\/index.php\/wp-json\/wp\/v2\/categories?post=2093"},{"taxonomy":"post_tag","embeddable":true,"href":"https:\/\/periodicolarepublica.com\/index.php\/wp-json\/wp\/v2\/tags?post=2093"}],"curies":[{"name":"wp","href":"https:\/\/api.w.org\/{rel}","templated":true}]}}