{"id":2096,"date":"2024-11-13T14:50:06","date_gmt":"2024-11-13T13:50:06","guid":{"rendered":"https:\/\/periodicolarepublica.com\/?p=2096"},"modified":"2024-11-13T14:50:06","modified_gmt":"2024-11-13T13:50:06","slug":"yes-business-magazine-celebro-su-llegada-a-la-republica-dominicana-con-un-evento-de-gala","status":"publish","type":"post","link":"https:\/\/periodicolarepublica.com\/index.php\/2024\/11\/13\/yes-business-magazine-celebro-su-llegada-a-la-republica-dominicana-con-un-evento-de-gala\/","title":{"rendered":"Yes Business Magazine Celebr\u00f3 su Llegada a la Rep\u00fablica Dominicana con un Evento de Gala"},"content":{"rendered":"<p>Santo Domingo, Rep\u00fablica Dominicana, 12 de noviembre de 2024 \u2013 La reconocida revista internacional Yes Business Magazine celebr\u00f3 su lanzamiento en la Rep\u00fablica Dominicana con un evento de gala en el restaurante Iber &amp; Co en Blue Mall, destac\u00e1ndose como un nuevo referente en el \u00e1mbito empresarial y de estilo de vida en el Caribe.<\/p>\n<p><img loading=\"lazy\" decoding=\"async\" class=\"alignnone size-medium wp-image-2097\" src=\"https:\/\/periodicolarepublica.com\/wp-content\/uploads\/2024\/11\/IMG-20241112-WA0070-225x300.jpg\" alt=\"\" width=\"225\" height=\"300\" \/><\/p>\n<p>El proyecto fue liderado por la CEO\u00a0Yesenia Toribio, quien, junto al Sr.\u00a0Rub\u00e9n Ventura Brito, hizo realidad esta iniciativa que busca conectar marcas nacionales e internacionales con el p\u00fablico dominicano. En el evento,\u00a0Betty Hernandez\u00a0 Directora de la revista para la Rep\u00fablica Domnicana, se dirigi\u00f3 al p\u00fablico presente destacando que \u201cYes Business RD es la prueba de que el esfuerzo, el trabajo constante, la dedicaci\u00f3n y la fe siempre llevan a buenos resultados. Confiamos en que Dios gu\u00eda nuestros pasos, donde cada desaf\u00edo representa una oportunidad de crecimiento. La esperanza nunca termina, pues siempre hay sue\u00f1os por lograr.\u201d<\/p>\n<p>Por otro lado, la producci\u00f3n estuvo a cargo de\u00a0Kelvin Pe\u00f1al\u00f3, garantizando una velada memorable. La reconocida comunicadora\u00a0Luz Garc\u00eda\u00a0fue la encargada de dirigir la ceremonia, aportando su experiencia y carisma a esta noche especial.<\/p>\n<p>Yes Business Magazine, conocida por su estilo elegante y su enfoque en \u201cel placer de vivir bien,\u201d busca inspirar y conectar a empresarios, emprendedores y consumidores a trav\u00e9s de historias de \u00e9xito, innovaci\u00f3n y tendencias. Con su llegada al pa\u00eds, la revista refuerza su compromiso de apoyar tanto a grandes corporaciones como a emprendedores emergentes que buscan expandir sus horizontes en el mercado local y regional.<\/p>\n<p>Acerca de Yes Business Magazine<\/p>\n<p>Con una trayectoria consolidada en la Florida Yes Business Magazine se ha posicionado como una fuente confiable de informaci\u00f3n en negocios y estilo de vida. Su expansi\u00f3n a la Rep\u00fablica Dominicana reafirma su prop\u00f3sito de contribuir al desarrollo empresarial en Am\u00e9rica Latina y el Caribe.<\/p>\n","protected":false},"excerpt":{"rendered":"<p>Santo Domingo, Rep\u00fablica Dominicana, 12 de noviembre de 2024 \u2013 La reconocida revista internacional Yes Business Magazine celebr\u00f3 su lanzamiento en la Rep\u00fablica Dominicana con un evento de gala en el restaurante Iber &amp; Co en Blue Mall, destac\u00e1ndose como un nuevo referente en el \u00e1mbito empresarial y de estilo de vida en el Caribe. [&hellip;]<\/p>\n","protected":false},"author":6,"featured_media":0,"comment_status":"open","ping_status":"open","sticky":false,"template":"","format":"standard","meta":{"om_disable_all_campaigns":false,"_monsterinsights_skip_tracking":false,"_monsterinsights_sitenote_active":false,"_monsterinsights_sitenote_note":"","_monsterinsights_sitenote_category":0,"footnotes":""},"categories":[1],"tags":[],"class_list":{"0":"post-2096","1":"post","2":"type-post","3":"status-publish","4":"format-standard","6":"category-nacionales"},"aioseo_notices":[],"_links":{"self":[{"href":"https:\/\/periodicolarepublica.com\/index.php\/wp-json\/wp\/v2\/posts\/2096","targetHints":{"allow":["GET"]}}],"collection":[{"href":"https:\/\/periodicolarepublica.com\/index.php\/wp-json\/wp\/v2\/posts"}],"about":[{"href":"https:\/\/periodicolarepublica.com\/index.php\/wp-json\/wp\/v2\/types\/post"}],"author":[{"embeddable":true,"href":"https:\/\/periodicolarepublica.com\/index.php\/wp-json\/wp\/v2\/users\/6"}],"replies":[{"embeddable":true,"href":"https:\/\/periodicolarepublica.com\/index.php\/wp-json\/wp\/v2\/comments?post=2096"}],"version-history":[{"count":1,"href":"https:\/\/periodicolarepublica.com\/index.php\/wp-json\/wp\/v2\/posts\/2096\/revisions"}],"predecessor-version":[{"id":2098,"href":"https:\/\/periodicolarepublica.com\/index.php\/wp-json\/wp\/v2\/posts\/2096\/revisions\/2098"}],"wp:attachment":[{"href":"https:\/\/periodicolarepublica.com\/index.php\/wp-json\/wp\/v2\/media?parent=2096"}],"wp:term":[{"taxonomy":"category","embeddable":true,"href":"https:\/\/periodicolarepublica.com\/index.php\/wp-json\/wp\/v2\/categories?post=2096"},{"taxonomy":"post_tag","embeddable":true,"href":"https:\/\/periodicolarepublica.com\/index.php\/wp-json\/wp\/v2\/tags?post=2096"}],"curies":[{"name":"wp","href":"https:\/\/api.w.org\/{rel}","templated":true}]}}