{"id":2099,"date":"2024-11-13T15:02:04","date_gmt":"2024-11-13T14:02:04","guid":{"rendered":"https:\/\/periodicolarepublica.com\/?p=2099"},"modified":"2024-11-13T15:02:04","modified_gmt":"2024-11-13T14:02:04","slug":"la-avenida-venezuela-se-convierte-en-peatonal-este-domingo-con-el-evento-caminando-en-familia","status":"publish","type":"post","link":"https:\/\/periodicolarepublica.com\/index.php\/2024\/11\/13\/la-avenida-venezuela-se-convierte-en-peatonal-este-domingo-con-el-evento-caminando-en-familia\/","title":{"rendered":"La Avenida Venezuela se convierte en peatonal este domingo con el evento \u201cCaminando en Familia\u201c"},"content":{"rendered":"<p>Santo Domingo Este, &#8211; La Alcald\u00eda de Santo Domingo Este, bajo la direcci\u00f3n del alcalde D\u00edo Astacio, invita a toda la comunidad a disfrutar del evento \u201cCaminando en Familia Santo Domingo Este Peatonal\u201d actividad que se realizar\u00e1 este domingo 17 de noviembre, en la Av. Venezuela, desde las 2:00 de la tarde hasta 7:00 de la noche, como parte de un plan dise\u00f1ado para fomentar la sana convivencia entre la familia.<\/p>\n<p><img loading=\"lazy\" decoding=\"async\" class=\"alignnone size-medium wp-image-2100\" src=\"https:\/\/periodicolarepublica.com\/wp-content\/uploads\/2024\/11\/IMG-20241113-WA0008-300x180.jpg\" alt=\"\" width=\"300\" height=\"180\" srcset=\"https:\/\/periodicolarepublica.com\/wp-content\/uploads\/2024\/11\/IMG-20241113-WA0008-300x180.jpg?v=1731506255 300w, https:\/\/periodicolarepublica.com\/wp-content\/uploads\/2024\/11\/IMG-20241113-WA0008-768x461.jpg?v=1731506255 768w, https:\/\/periodicolarepublica.com\/wp-content\/uploads\/2024\/11\/IMG-20241113-WA0008-150x90.jpg?v=1731506255 150w, https:\/\/periodicolarepublica.com\/wp-content\/uploads\/2024\/11\/IMG-20241113-WA0008-600x360.jpg?v=1731506255 600w, https:\/\/periodicolarepublica.com\/wp-content\/uploads\/2024\/11\/IMG-20241113-WA0008-696x418.jpg?v=1731506255 696w, https:\/\/periodicolarepublica.com\/wp-content\/uploads\/2024\/11\/IMG-20241113-WA0008.jpg?v=1731506255 1024w\" sizes=\"auto, (max-width: 300px) 100vw, 300px\" \/><\/p>\n<p>La jornada, se llevar\u00e1 a cabo desde la calle Club Activo 20-30 hasta la Calle Club Rotario y contar\u00e1 con una serie de actividades culturales y recreativas, show infantil, show de magia, presentaciones art\u00edsticas, estatuas vivas, y muchas sorpresas m\u00e1s. As\u00ed como la integraci\u00f3n de m\u00e1s de 300 Polic\u00edas Municipales que garantizar\u00e1n la seguridad del evento.<\/p>\n<p>El alcalde D\u00edo Astacio, expres\u00f3 su entusiasmo por este programa y destac\u00f3 la importancia de generar espacios libres, espacios de valor, espacios seguros y din\u00e1micos donde se promueva el sano entretenimiento y la inclusi\u00f3n para la comunidad.<\/p>\n<p>\u201cQueremos que las familias de Santo Domingo Este disfruten de su ciudad, que aprovechen estos momentos para compartir de manera c\u00edvica y ordenada. Esta c\u00e9ntrica avenida se convertir\u00e1 en una zona peatonal para que los residentes y visitantes puedan caminar, correr, pasear a sus mascotas y montar bicicletas en un ambiente seguro y libre de veh\u00edculos\u201d, puntualiz\u00f3 el alcalde.<\/p>\n<p>Este piloto, parte de un plan donde la Alcald\u00eda busca que la ciudad sea peatonal para los mun\u00edcipes y los turistas que estar\u00e1n presentes en el evento.<\/p>\n<p>\u201cEsta es la primera versi\u00f3n y todos los meses tendremos un evento similar en otros espacios del municipio, como la Avenida Espa\u00f1a y la Avenida del Faro\u201d, indic\u00f3 el alcalde.<\/p>\n<p>Este evento, cuenta con la integraci\u00f3n y el apoyo de las diferentes direcciones que componen la Alcald\u00eda de Santo Domingo Este. Desde la Alcald\u00eda se extiende una cordial invitaci\u00f3n a todas las familias para que se sumen a esta gran iniciativa y vivan un d\u00eda lleno de diversi\u00f3n, salud y convivencia en la ic\u00f3nica Avenida Venezuela.<\/p>\n","protected":false},"excerpt":{"rendered":"<p>Santo Domingo Este, &#8211; La Alcald\u00eda de Santo Domingo Este, bajo la direcci\u00f3n del alcalde D\u00edo Astacio, invita a toda la comunidad a disfrutar del evento \u201cCaminando en Familia Santo Domingo Este Peatonal\u201d actividad que se realizar\u00e1 este domingo 17 de noviembre, en la Av. Venezuela, desde las 2:00 de la tarde hasta 7:00 de [&hellip;]<\/p>\n","protected":false},"author":6,"featured_media":2100,"comment_status":"open","ping_status":"open","sticky":false,"template":"","format":"standard","meta":{"om_disable_all_campaigns":false,"_monsterinsights_skip_tracking":false,"_monsterinsights_sitenote_active":false,"_monsterinsights_sitenote_note":"","_monsterinsights_sitenote_category":0,"footnotes":""},"categories":[1],"tags":[],"class_list":{"0":"post-2099","1":"post","2":"type-post","3":"status-publish","4":"format-standard","5":"has-post-thumbnail","7":"category-nacionales"},"aioseo_notices":[],"_links":{"self":[{"href":"https:\/\/periodicolarepublica.com\/index.php\/wp-json\/wp\/v2\/posts\/2099","targetHints":{"allow":["GET"]}}],"collection":[{"href":"https:\/\/periodicolarepublica.com\/index.php\/wp-json\/wp\/v2\/posts"}],"about":[{"href":"https:\/\/periodicolarepublica.com\/index.php\/wp-json\/wp\/v2\/types\/post"}],"author":[{"embeddable":true,"href":"https:\/\/periodicolarepublica.com\/index.php\/wp-json\/wp\/v2\/users\/6"}],"replies":[{"embeddable":true,"href":"https:\/\/periodicolarepublica.com\/index.php\/wp-json\/wp\/v2\/comments?post=2099"}],"version-history":[{"count":1,"href":"https:\/\/periodicolarepublica.com\/index.php\/wp-json\/wp\/v2\/posts\/2099\/revisions"}],"predecessor-version":[{"id":2101,"href":"https:\/\/periodicolarepublica.com\/index.php\/wp-json\/wp\/v2\/posts\/2099\/revisions\/2101"}],"wp:featuredmedia":[{"embeddable":true,"href":"https:\/\/periodicolarepublica.com\/index.php\/wp-json\/wp\/v2\/media\/2100"}],"wp:attachment":[{"href":"https:\/\/periodicolarepublica.com\/index.php\/wp-json\/wp\/v2\/media?parent=2099"}],"wp:term":[{"taxonomy":"category","embeddable":true,"href":"https:\/\/periodicolarepublica.com\/index.php\/wp-json\/wp\/v2\/categories?post=2099"},{"taxonomy":"post_tag","embeddable":true,"href":"https:\/\/periodicolarepublica.com\/index.php\/wp-json\/wp\/v2\/tags?post=2099"}],"curies":[{"name":"wp","href":"https:\/\/api.w.org\/{rel}","templated":true}]}}