{"id":2107,"date":"2024-11-13T18:03:57","date_gmt":"2024-11-13T17:03:57","guid":{"rendered":"https:\/\/periodicolarepublica.com\/?p=2107"},"modified":"2024-11-13T18:03:57","modified_gmt":"2024-11-13T17:03:57","slug":"arajet-transporta-85-pasajeros-aerolineas-locales","status":"publish","type":"post","link":"https:\/\/periodicolarepublica.com\/index.php\/2024\/11\/13\/arajet-transporta-85-pasajeros-aerolineas-locales\/","title":{"rendered":"Arajet transporta 85% pasajeros aerol\u00edneas locales"},"content":{"rendered":"<p>Arajet, la l\u00ednea a\u00e9rea dominicana de precios bajos inform\u00f3 que actualmente representa el 85% de los pasajeros transportados entre las l\u00edneas \u00e1reas locales, convirti\u00e9ndose su m\u00e1s alta participaci\u00f3n del mercado de aerol\u00edneas dominicanas en la historia de la aviaci\u00f3n comercial del pa\u00eds.<\/p>\n<p><img loading=\"lazy\" decoding=\"async\" class=\"alignnone size-medium wp-image-2109\" src=\"https:\/\/periodicolarepublica.com\/wp-content\/uploads\/2024\/11\/Boeing_737_Max_-_HI1101_-_Arajet-300x200.jpg\" alt=\"\" width=\"300\" height=\"200\" srcset=\"https:\/\/periodicolarepublica.com\/wp-content\/uploads\/2024\/11\/Boeing_737_Max_-_HI1101_-_Arajet-300x200.jpg?v=1731517413 300w, https:\/\/periodicolarepublica.com\/wp-content\/uploads\/2024\/11\/Boeing_737_Max_-_HI1101_-_Arajet-1024x683.jpg?v=1731517413 1024w, https:\/\/periodicolarepublica.com\/wp-content\/uploads\/2024\/11\/Boeing_737_Max_-_HI1101_-_Arajet-768x512.jpg?v=1731517413 768w, https:\/\/periodicolarepublica.com\/wp-content\/uploads\/2024\/11\/Boeing_737_Max_-_HI1101_-_Arajet-150x100.jpg?v=1731517413 150w, https:\/\/periodicolarepublica.com\/wp-content\/uploads\/2024\/11\/Boeing_737_Max_-_HI1101_-_Arajet-600x400.jpg?v=1731517413 600w, https:\/\/periodicolarepublica.com\/wp-content\/uploads\/2024\/11\/Boeing_737_Max_-_HI1101_-_Arajet-696x464.jpg?v=1731517413 696w, https:\/\/periodicolarepublica.com\/wp-content\/uploads\/2024\/11\/Boeing_737_Max_-_HI1101_-_Arajet-1068x712.jpg?v=1731517413 1068w, https:\/\/periodicolarepublica.com\/wp-content\/uploads\/2024\/11\/Boeing_737_Max_-_HI1101_-_Arajet.jpg?v=1731517413 1200w\" sizes=\"auto, (max-width: 300px) 100vw, 300px\" \/><\/p>\n<p>Indicaron que durante el mes de octubre movilizaron el 7% de los viajeros que entraron o salieron del pa\u00eds con m\u00e1s de 86,000 pasajeros que sumados a m\u00e1s de 25,000 pasajeros de conexiones llegan a aproximadamente 110,000 siendo la aerol\u00ednea dominicana con mayor movimiento de vuelos desde los distintos aeropuertos del pa\u00eds.<\/p>\n<p>Las cifras fueron ofrecidas por el reciente informe de la Junta de Aviaci\u00f3n Civil (JAC) que arrojan informaci\u00f3n que proyectan a Arajet con un notable crecimiento y esperan que se incremente con las operaciones en el Aeropuerto de Punta de Cana.<\/p>\n","protected":false},"excerpt":{"rendered":"<p>Arajet, la l\u00ednea a\u00e9rea dominicana de precios bajos inform\u00f3 que actualmente representa el 85% de los pasajeros transportados entre las l\u00edneas \u00e1reas locales, convirti\u00e9ndose su m\u00e1s alta participaci\u00f3n del mercado de aerol\u00edneas dominicanas en la historia de la aviaci\u00f3n comercial del pa\u00eds. Indicaron que durante el mes de octubre movilizaron el 7% de los viajeros [&hellip;]<\/p>\n","protected":false},"author":6,"featured_media":2109,"comment_status":"open","ping_status":"open","sticky":false,"template":"","format":"standard","meta":{"om_disable_all_campaigns":false,"_monsterinsights_skip_tracking":false,"_monsterinsights_sitenote_active":false,"_monsterinsights_sitenote_note":"","_monsterinsights_sitenote_category":0,"footnotes":""},"categories":[1],"tags":[],"class_list":{"0":"post-2107","1":"post","2":"type-post","3":"status-publish","4":"format-standard","5":"has-post-thumbnail","7":"category-nacionales"},"aioseo_notices":[],"_links":{"self":[{"href":"https:\/\/periodicolarepublica.com\/index.php\/wp-json\/wp\/v2\/posts\/2107","targetHints":{"allow":["GET"]}}],"collection":[{"href":"https:\/\/periodicolarepublica.com\/index.php\/wp-json\/wp\/v2\/posts"}],"about":[{"href":"https:\/\/periodicolarepublica.com\/index.php\/wp-json\/wp\/v2\/types\/post"}],"author":[{"embeddable":true,"href":"https:\/\/periodicolarepublica.com\/index.php\/wp-json\/wp\/v2\/users\/6"}],"replies":[{"embeddable":true,"href":"https:\/\/periodicolarepublica.com\/index.php\/wp-json\/wp\/v2\/comments?post=2107"}],"version-history":[{"count":1,"href":"https:\/\/periodicolarepublica.com\/index.php\/wp-json\/wp\/v2\/posts\/2107\/revisions"}],"predecessor-version":[{"id":2110,"href":"https:\/\/periodicolarepublica.com\/index.php\/wp-json\/wp\/v2\/posts\/2107\/revisions\/2110"}],"wp:featuredmedia":[{"embeddable":true,"href":"https:\/\/periodicolarepublica.com\/index.php\/wp-json\/wp\/v2\/media\/2109"}],"wp:attachment":[{"href":"https:\/\/periodicolarepublica.com\/index.php\/wp-json\/wp\/v2\/media?parent=2107"}],"wp:term":[{"taxonomy":"category","embeddable":true,"href":"https:\/\/periodicolarepublica.com\/index.php\/wp-json\/wp\/v2\/categories?post=2107"},{"taxonomy":"post_tag","embeddable":true,"href":"https:\/\/periodicolarepublica.com\/index.php\/wp-json\/wp\/v2\/tags?post=2107"}],"curies":[{"name":"wp","href":"https:\/\/api.w.org\/{rel}","templated":true}]}}