{"id":2112,"date":"2024-11-14T20:34:30","date_gmt":"2024-11-14T19:34:30","guid":{"rendered":"https:\/\/periodicolarepublica.com\/?p=2112"},"modified":"2024-11-14T20:34:30","modified_gmt":"2024-11-14T19:34:30","slug":"boletin-epidemiologico-indica-dengue-y-leptospirosis-continuan-con-baja-incidencia-en-el-pais","status":"publish","type":"post","link":"https:\/\/periodicolarepublica.com\/index.php\/2024\/11\/14\/boletin-epidemiologico-indica-dengue-y-leptospirosis-continuan-con-baja-incidencia-en-el-pais\/","title":{"rendered":"Bolet\u00edn Epidemiol\u00f3gico indica dengue y leptospirosis contin\u00faan con baja incidencia en el pa\u00eds"},"content":{"rendered":"\r\n<p><img loading=\"lazy\" decoding=\"async\" class=\"size-medium wp-image-2056 alignright\" src=\"https:\/\/periodicolarepublica.com\/wp-content\/uploads\/2024\/11\/images-5-1-300x150.png\" alt=\"\" width=\"300\" height=\"150\" srcset=\"https:\/\/periodicolarepublica.com\/wp-content\/uploads\/2024\/11\/images-5-1-300x150.png 300w, https:\/\/periodicolarepublica.com\/wp-content\/uploads\/2024\/11\/images-5-1-150x75.png 150w, https:\/\/periodicolarepublica.com\/wp-content\/uploads\/2024\/11\/images-5-1.png 318w\" sizes=\"auto, (max-width: 300px) 100vw, 300px\" \/>MSP pide a la poblaci\u00f3n aplicar vacuna contra t\u00e9tanos en caso requerido<br \/><br \/>Santo Domingo.- El Ministerio de Salud P\u00fablica (MSP) inform\u00f3 este jueves por medio a su Bolet\u00edn Epidemiol\u00f3gico correspondiente a la Semana Epidemiol\u00f3gica n\u00famero SE-44, que la incidencia acumulada del dengue en el pa\u00eds contin\u00faa en baja, con un 13.41 por cada 100,000 habitantes, notific\u00e1ndose solo dos casos probables y un total de confirmados de 1,211 casos, frente a los confirmados el pasado a\u00f1o a la fecha que fue de 3,041 casos.<br \/><br \/>En cuanto a los casos de leptospirosis, el Ministerio de Salud indica que hubo cero confirmados, con un total acumulado de 35 casos probables y una incidencia de 0.39 por cada 100,000 habitantes.<br \/><br \/>La notificaci\u00f3n de malaria presenta una incidencia de 10.36, se notifican 7 nuevos casos confirmados, para un total de 936 hasta la presente SE-44. Asimismo se notifica un nuevo caso de COVID-19, colocando el total del a\u00f1o en 6,916 y una incidencia de 76.58. <br \/><br \/>*Muertes maternas e infantiles*<br \/><br \/>Sobre las muertes maternas, el bolet\u00edn que emite la Direcci\u00f3n de Epidemiolog\u00eda se\u00f1ala que a la SE-44 fueron reportadas tres muertes maternas (MM), dos dominicanas y una de nacionalidad haitiana. El acumulado de MM es de 140 defunciones maternas al a\u00f1o 2024. En comparaci\u00f3n al pasado a\u00f1o 2023 a esta fecha se hab\u00edan reportado 174 defunciones, indican reducci\u00f3n en este indicador. <br \/><br \/>De muertes infantiles se registran 32 nuevos casos con un total de 1,788 en lo va de a\u00f1o. El pasado a\u00f1o a la fecha se hab\u00edan reportado 2,627 defunciones infantiles, lo que refleja reducci\u00f3n en estos casos de muertes.<br \/><br \/>*Sobre el t\u00e9tanos*<br \/>El Bolet\u00edn Epidemiol\u00f3gico muestra como tema principal esta semana el T\u00e9tanos: Vigilancia en Salud P\u00fablica y Prevenci\u00f3n, exponiendo todo lo relacionado con esta enfermedad y su incidencia en el pa\u00eds. Precisa que esta enfermedad presenta una ocurrencia moderada y se mantiene la vigilancia.<br \/><br \/>El total acumulado a la presente Semana Epidemiol\u00f3gica n\u00famero 44 (SE-44), es de 28 casos sospechosos, donde el 79% de los casos corresponden a la nacionalidad dominicana y un 21.4% a la nacionalidad haitiana.<br \/><br \/>Los casos sospechosos de este evento est\u00e1n presentes en poblaci\u00f3n mayor de 5 a\u00f1os de edad, y precisa que en el pa\u00eds no existen casos de t\u00e9tanos neonatal, gracias a la amplia cobertura de vacunaci\u00f3n que permanece. El acumulado un 87.6% corresponde al sexo masculino, el 53.4% eran mayores de 50 a\u00f1os y el 24.7% eran extranjeros dedicados a trabajos agr\u00edcolas o de la construcci\u00f3n.<br \/><br \/>La mayor incidencia de casos ocurri\u00f3 en El\u00edas Pi\u00f1a con una tasa de 3.2 casos por 100,000 habitantes en 2021; Valverde con una tasa de 1.8 en 2022 y Montecristi con una tasa de 1.7 en 2023. La tasa de letalidad a causa del t\u00e9tanos fue de 36.1%.<br \/><br \/>La instituci\u00f3n de Salud declara que las coberturas de vacunaci\u00f3n contra t\u00e9tanos han experimentado un incremento sostenido en los \u00faltimos a\u00f1os, pasando en 2021 de 83.9% a 90.8% en 2023. Durante el per\u00edodo 2021-2023 en el pa\u00eds se administr\u00f3 un total de 719,530 dosis de la vacuna dT y 182,351 dosis de Tdap a mujeres embarazadas.<\/p>\r\n","protected":false},"excerpt":{"rendered":"<p>MSP pide a la poblaci\u00f3n aplicar vacuna contra t\u00e9tanos en caso requerido Santo Domingo.- El Ministerio de Salud P\u00fablica (MSP) inform\u00f3 este jueves por medio a su Bolet\u00edn Epidemiol\u00f3gico correspondiente a la Semana Epidemiol\u00f3gica n\u00famero SE-44, que la incidencia acumulada del dengue en el pa\u00eds contin\u00faa en baja, con un 13.41 por cada 100,000 habitantes, [&hellip;]<\/p>\n","protected":false},"author":10,"featured_media":2056,"comment_status":"open","ping_status":"open","sticky":false,"template":"","format":"standard","meta":{"om_disable_all_campaigns":false,"_monsterinsights_skip_tracking":false,"_monsterinsights_sitenote_active":false,"_monsterinsights_sitenote_note":"","_monsterinsights_sitenote_category":0,"footnotes":""},"categories":[1],"tags":[307],"class_list":{"0":"post-2112","1":"post","2":"type-post","3":"status-publish","4":"format-standard","5":"has-post-thumbnail","7":"category-nacionales","8":"tag-ministerio-de-salud-publica"},"aioseo_notices":[],"_links":{"self":[{"href":"https:\/\/periodicolarepublica.com\/index.php\/wp-json\/wp\/v2\/posts\/2112","targetHints":{"allow":["GET"]}}],"collection":[{"href":"https:\/\/periodicolarepublica.com\/index.php\/wp-json\/wp\/v2\/posts"}],"about":[{"href":"https:\/\/periodicolarepublica.com\/index.php\/wp-json\/wp\/v2\/types\/post"}],"author":[{"embeddable":true,"href":"https:\/\/periodicolarepublica.com\/index.php\/wp-json\/wp\/v2\/users\/10"}],"replies":[{"embeddable":true,"href":"https:\/\/periodicolarepublica.com\/index.php\/wp-json\/wp\/v2\/comments?post=2112"}],"version-history":[{"count":2,"href":"https:\/\/periodicolarepublica.com\/index.php\/wp-json\/wp\/v2\/posts\/2112\/revisions"}],"predecessor-version":[{"id":2117,"href":"https:\/\/periodicolarepublica.com\/index.php\/wp-json\/wp\/v2\/posts\/2112\/revisions\/2117"}],"wp:featuredmedia":[{"embeddable":true,"href":"https:\/\/periodicolarepublica.com\/index.php\/wp-json\/wp\/v2\/media\/2056"}],"wp:attachment":[{"href":"https:\/\/periodicolarepublica.com\/index.php\/wp-json\/wp\/v2\/media?parent=2112"}],"wp:term":[{"taxonomy":"category","embeddable":true,"href":"https:\/\/periodicolarepublica.com\/index.php\/wp-json\/wp\/v2\/categories?post=2112"},{"taxonomy":"post_tag","embeddable":true,"href":"https:\/\/periodicolarepublica.com\/index.php\/wp-json\/wp\/v2\/tags?post=2112"}],"curies":[{"name":"wp","href":"https:\/\/api.w.org\/{rel}","templated":true}]}}