{"id":2119,"date":"2024-11-14T22:08:36","date_gmt":"2024-11-14T21:08:36","guid":{"rendered":"https:\/\/periodicolarepublica.com\/?p=2119"},"modified":"2024-11-14T22:17:12","modified_gmt":"2024-11-14T21:17:12","slug":"gabinete-y-ministerio-de-salud-informan-continuan-abiertos-al-dialogo-con-el-colegio-medico-dominicano","status":"publish","type":"post","link":"https:\/\/periodicolarepublica.com\/index.php\/2024\/11\/14\/gabinete-y-ministerio-de-salud-informan-continuan-abiertos-al-dialogo-con-el-colegio-medico-dominicano\/","title":{"rendered":"Gabinete y Ministerio de Salud informan contin\u00faan abiertos al di\u00e1logo con el Colegio M\u00e9dico Dominicano"},"content":{"rendered":"\r\n<p><img loading=\"lazy\" decoding=\"async\" class=\"size-medium wp-image-2060 alignright\" src=\"https:\/\/periodicolarepublica.com\/wp-content\/uploads\/2024\/11\/IMG-20241108-WA0069-300x123.jpg\" alt=\"\" width=\"300\" height=\"123\" srcset=\"https:\/\/periodicolarepublica.com\/wp-content\/uploads\/2024\/11\/IMG-20241108-WA0069-300x123.jpg?v=1731101340 300w, https:\/\/periodicolarepublica.com\/wp-content\/uploads\/2024\/11\/IMG-20241108-WA0069-1024x419.jpg?v=1731101340 1024w, https:\/\/periodicolarepublica.com\/wp-content\/uploads\/2024\/11\/IMG-20241108-WA0069-768x314.jpg?v=1731101340 768w, https:\/\/periodicolarepublica.com\/wp-content\/uploads\/2024\/11\/IMG-20241108-WA0069-1536x629.jpg?v=1731101340 1536w, https:\/\/periodicolarepublica.com\/wp-content\/uploads\/2024\/11\/IMG-20241108-WA0069-2048x839.jpg?v=1731101340 2048w, https:\/\/periodicolarepublica.com\/wp-content\/uploads\/2024\/11\/IMG-20241108-WA0069-150x61.jpg?v=1731101340 150w, https:\/\/periodicolarepublica.com\/wp-content\/uploads\/2024\/11\/IMG-20241108-WA0069-600x246.jpg?v=1731101340 600w, https:\/\/periodicolarepublica.com\/wp-content\/uploads\/2024\/11\/IMG-20241108-WA0069-696x285.jpg?v=1731101340 696w, https:\/\/periodicolarepublica.com\/wp-content\/uploads\/2024\/11\/IMG-20241108-WA0069-1392x570.jpg?v=1731101340 1392w, https:\/\/periodicolarepublica.com\/wp-content\/uploads\/2024\/11\/IMG-20241108-WA0069-1068x437.jpg?v=1731101340 1068w, https:\/\/periodicolarepublica.com\/wp-content\/uploads\/2024\/11\/IMG-20241108-WA0069-1920x786.jpg?v=1731101340 1920w\" sizes=\"auto, (max-width: 300px) 100vw, 300px\" \/>Santo Domingo R.D.-\u00a0 El Ministro de Salud inform\u00f3 que se atendieron las demandas que se pueden resolver inmediatamente y que las dem\u00e1s deber\u00e1n esperar un entorno presupuestario favorable <br \/><br \/>El di\u00e1logo reciente entre el Gobierno Dominicano, el Gabinete de Salud y el Colegio M\u00e9dico Dominicano reafirma el compromiso y la buena voluntad de todas las partes para encontrar soluciones conjuntas a los desaf\u00edos del sector salud. \u201cJuntos encontraremos el camino para mejorar las condiciones de nuestros m\u00e9dicos y centros hospitalarios, en beneficio de la salud de todos nuestros ciudadanos\u201d, afirm\u00f3 el ministro de Salud, V\u00edctor Atallah.<br \/><br \/>El ministro destac\u00f3 que la salud es un pilar fundamental del programa de gobierno del presidente Luis Abinader, quien ha delegado en el Gabinete de Salud, encabezado por la vicepresidenta Raquel Pe\u00f1a, la responsabilidad de liderar el esfuerzo para fortalecer el sistema sanitario. Atallah solicit\u00f3 confianza y tiempo al gremio m\u00e9dico para que las medidas en curso puedan mostrar resultados tangibles, destacando que ya se han logrado avances importantes.<br \/><br \/>\u201cEl compromiso del Gobierno es firme, pero es importante reconocer que las mejoras significativas requieren un entorno presupuestario adecuado\u201d, subray\u00f3 el ministro.<br \/><br \/>A pesar de las limitaciones presupuestarias, el Gabinete de Salud ha implementado varias medidas inmediatas para mejorar las condiciones del personal m\u00e9dico. Entre estas medidas se encuentran la mejora de la infraestructura hospitalaria, la dotaci\u00f3n de equipos m\u00e9dicos, la reducci\u00f3n del aporte del seguro m\u00e9dico de los pensionados del 6.4% al 3.2%, el aumento de los incentivos para m\u00e9dicos intensivistas y emergenci\u00f3logos, y los aportes econ\u00f3micos al Instituto de Previsi\u00f3n y Protecci\u00f3n Social del M\u00e9dico (IPSS), entre otras, logrando cubrir m\u00e1s del 90% de las demandas planteadas.<br \/><br \/>\u201cEste conjunto de acciones tiene como objetivo aliviar las necesidades m\u00e1s urgentes del gremio m\u00e9dico mientras seguimos explorando alternativas para incrementar los recursos disponibles y continuar mejorando\u201d, indic\u00f3 Atallah. Adem\u00e1s, enfatiz\u00f3 que, para alcanzar soluciones duraderas, es fundamental contar con el apoyo de todos los sectores, incluyendo a la ciudadan\u00eda.<br \/><br \/>El ministro hizo un llamado a la comprensi\u00f3n tanto del gremio m\u00e9dico como de la ciudadan\u00eda, destacando que cualquier incremento salarial sin respaldo presupuestario podr\u00eda comprometer la estabilidad econ\u00f3mica del pa\u00eds. \u201cEstamos comprometidos en mejorar el sistema de salud y las condiciones de nuestros profesionales, pero esto requiere una base financiera s\u00f3lida\u201d, se\u00f1al\u00f3 Atallah.<br \/><br \/>El Ministerio de Salud continuar\u00e1 apostando por el di\u00e1logo abierto y constructivo con el Colegio M\u00e9dico Dominicano, buscando alternativas viables para fortalecer el sector salud y mejorar las condiciones laborales de los trabajadores. La colaboraci\u00f3n constante y el trabajo coordinado con el gremio m\u00e9dico son claves para garantizar el fortalecimiento sostenible del sistema sanitario, siempre en beneficio de la salud de la poblaci\u00f3n.<\/p>\r\n","protected":false},"excerpt":{"rendered":"<p>Santo Domingo R.D.-\u00a0 El Ministro de Salud inform\u00f3 que se atendieron las demandas que se pueden resolver inmediatamente y que las dem\u00e1s deber\u00e1n esperar un entorno presupuestario favorable El di\u00e1logo reciente entre el Gobierno Dominicano, el Gabinete de Salud y el Colegio M\u00e9dico Dominicano reafirma el compromiso y la buena voluntad de todas las partes [&hellip;]<\/p>\n","protected":false},"author":10,"featured_media":2060,"comment_status":"open","ping_status":"open","sticky":false,"template":"","format":"standard","meta":{"om_disable_all_campaigns":false,"_monsterinsights_skip_tracking":false,"_monsterinsights_sitenote_active":false,"_monsterinsights_sitenote_note":"","_monsterinsights_sitenote_category":0,"footnotes":""},"categories":[1],"tags":[159],"class_list":{"0":"post-2119","1":"post","2":"type-post","3":"status-publish","4":"format-standard","5":"has-post-thumbnail","7":"category-nacionales","8":"tag-ministro-de-salud-publica-victor-atallah"},"aioseo_notices":[],"_links":{"self":[{"href":"https:\/\/periodicolarepublica.com\/index.php\/wp-json\/wp\/v2\/posts\/2119","targetHints":{"allow":["GET"]}}],"collection":[{"href":"https:\/\/periodicolarepublica.com\/index.php\/wp-json\/wp\/v2\/posts"}],"about":[{"href":"https:\/\/periodicolarepublica.com\/index.php\/wp-json\/wp\/v2\/types\/post"}],"author":[{"embeddable":true,"href":"https:\/\/periodicolarepublica.com\/index.php\/wp-json\/wp\/v2\/users\/10"}],"replies":[{"embeddable":true,"href":"https:\/\/periodicolarepublica.com\/index.php\/wp-json\/wp\/v2\/comments?post=2119"}],"version-history":[{"count":5,"href":"https:\/\/periodicolarepublica.com\/index.php\/wp-json\/wp\/v2\/posts\/2119\/revisions"}],"predecessor-version":[{"id":2127,"href":"https:\/\/periodicolarepublica.com\/index.php\/wp-json\/wp\/v2\/posts\/2119\/revisions\/2127"}],"wp:featuredmedia":[{"embeddable":true,"href":"https:\/\/periodicolarepublica.com\/index.php\/wp-json\/wp\/v2\/media\/2060"}],"wp:attachment":[{"href":"https:\/\/periodicolarepublica.com\/index.php\/wp-json\/wp\/v2\/media?parent=2119"}],"wp:term":[{"taxonomy":"category","embeddable":true,"href":"https:\/\/periodicolarepublica.com\/index.php\/wp-json\/wp\/v2\/categories?post=2119"},{"taxonomy":"post_tag","embeddable":true,"href":"https:\/\/periodicolarepublica.com\/index.php\/wp-json\/wp\/v2\/tags?post=2119"}],"curies":[{"name":"wp","href":"https:\/\/api.w.org\/{rel}","templated":true}]}}