{"id":2123,"date":"2024-11-15T16:04:36","date_gmt":"2024-11-15T15:04:36","guid":{"rendered":"https:\/\/periodicolarepublica.com\/?p=2123"},"modified":"2024-11-15T16:04:36","modified_gmt":"2024-11-15T15:04:36","slug":"gabinete-de-salud-y-cmd-llegan-a-consenso-y-se-suspende-llamado-a-paro-del-sector-salud","status":"publish","type":"post","link":"https:\/\/periodicolarepublica.com\/index.php\/2024\/11\/15\/gabinete-de-salud-y-cmd-llegan-a-consenso-y-se-suspende-llamado-a-paro-del-sector-salud\/","title":{"rendered":"Gabinete de salud y CMD llegan a consenso y se suspende llamado a paro del sector salud"},"content":{"rendered":"\r\n<p>Santo Domingo, RD.- El Gabinete de Salud, encabezado por la vicepresidenta de la Rep\u00fablica, Raquel Pe\u00f1a, sostuvo un encuentro donde continu\u00f3 el di\u00e1logo con el Colegio M\u00e9dico Dominicano (CMD), y autoridades del Estado, quienes acordaron suspender el llamado a paro que hab\u00eda sido anunciado el d\u00eda de ayer.<\/p>\r\n<p>Estos di\u00e1logos buscan continuar las\u00a0negociaciones para lograr acuerdos entre el gremio m\u00e9dico y el Gobierno central, con el fin de mantener la seguridad en la atenciones m\u00e9dicas de la poblaci\u00f3n dominicana y propiciar un ambiente digno para los galenos.<\/p>\r\n<p>Al culminar la reuni\u00f3n se llegaron a acuerdos en todas las solicitudes de los m\u00e9dicos reafirmando as\u00ed el compromiso del gobierno con el bienestar de todos los sectores.<\/p>\r\n<p>En la reuni\u00f3n estuvieron tambi\u00e9n presentes el ministro de Salud, V\u00edctor Atallah; el ministro de Trabajo, Luis Miguel de Camps; el director general de Promesecal, Rafael Adolfo P\u00e9rez; Santiago Hazim, director de Senasa; Miguel Ceara Hatton, superintendente de Salud y Riesgos Laborales adem\u00e1s de un grupo de galenos pertenecientes al CMD, encabezado por Waldo Ariel Suero.<\/p>\r\n<p><img loading=\"lazy\" decoding=\"async\" class=\"size-medium wp-image-2137 alignright\" src=\"https:\/\/periodicolarepublica.com\/wp-content\/uploads\/2024\/11\/o-300x200.jpg\" alt=\"\" width=\"300\" height=\"200\" \/><\/p>\r\n","protected":false},"excerpt":{"rendered":"<p>Santo Domingo, RD.- El Gabinete de Salud, encabezado por la vicepresidenta de la Rep\u00fablica, Raquel Pe\u00f1a, sostuvo un encuentro donde continu\u00f3 el di\u00e1logo con el Colegio M\u00e9dico Dominicano (CMD), y autoridades del Estado, quienes acordaron suspender el llamado a paro que hab\u00eda sido anunciado el d\u00eda de ayer. Estos di\u00e1logos buscan continuar las\u00a0negociaciones para lograr [&hellip;]<\/p>\n","protected":false},"author":10,"featured_media":0,"comment_status":"open","ping_status":"open","sticky":false,"template":"","format":"standard","meta":{"om_disable_all_campaigns":false,"_monsterinsights_skip_tracking":false,"_monsterinsights_sitenote_active":false,"_monsterinsights_sitenote_note":"","_monsterinsights_sitenote_category":0,"footnotes":""},"categories":[1],"tags":[159],"class_list":{"0":"post-2123","1":"post","2":"type-post","3":"status-publish","4":"format-standard","6":"category-nacionales","7":"tag-ministro-de-salud-publica-victor-atallah"},"aioseo_notices":[],"_links":{"self":[{"href":"https:\/\/periodicolarepublica.com\/index.php\/wp-json\/wp\/v2\/posts\/2123","targetHints":{"allow":["GET"]}}],"collection":[{"href":"https:\/\/periodicolarepublica.com\/index.php\/wp-json\/wp\/v2\/posts"}],"about":[{"href":"https:\/\/periodicolarepublica.com\/index.php\/wp-json\/wp\/v2\/types\/post"}],"author":[{"embeddable":true,"href":"https:\/\/periodicolarepublica.com\/index.php\/wp-json\/wp\/v2\/users\/10"}],"replies":[{"embeddable":true,"href":"https:\/\/periodicolarepublica.com\/index.php\/wp-json\/wp\/v2\/comments?post=2123"}],"version-history":[{"count":2,"href":"https:\/\/periodicolarepublica.com\/index.php\/wp-json\/wp\/v2\/posts\/2123\/revisions"}],"predecessor-version":[{"id":2138,"href":"https:\/\/periodicolarepublica.com\/index.php\/wp-json\/wp\/v2\/posts\/2123\/revisions\/2138"}],"wp:attachment":[{"href":"https:\/\/periodicolarepublica.com\/index.php\/wp-json\/wp\/v2\/media?parent=2123"}],"wp:term":[{"taxonomy":"category","embeddable":true,"href":"https:\/\/periodicolarepublica.com\/index.php\/wp-json\/wp\/v2\/categories?post=2123"},{"taxonomy":"post_tag","embeddable":true,"href":"https:\/\/periodicolarepublica.com\/index.php\/wp-json\/wp\/v2\/tags?post=2123"}],"curies":[{"name":"wp","href":"https:\/\/api.w.org\/{rel}","templated":true}]}}