{"id":2132,"date":"2024-11-15T15:01:12","date_gmt":"2024-11-15T14:01:12","guid":{"rendered":"https:\/\/periodicolarepublica.com\/?p=2132"},"modified":"2024-11-15T15:01:12","modified_gmt":"2024-11-15T14:01:12","slug":"juramentan-el-consejo-economico-y-social-municipal-del-distrito-nacional-2024-2028","status":"publish","type":"post","link":"https:\/\/periodicolarepublica.com\/index.php\/2024\/11\/15\/juramentan-el-consejo-economico-y-social-municipal-del-distrito-nacional-2024-2028\/","title":{"rendered":"Juramentan el Consejo Econ\u00f3mico y Social Municipal del Distrito Nacional 2024 &#8211; 2028"},"content":{"rendered":"<p>Santo Domingo, DN &#8211; La alcaldesa Carolina Mej\u00eda encabez\u00f3 el acto de juramentaci\u00f3n del Consejo Econ\u00f3mico y Social Municipal del Distrito Nacional (CESM) para el periodo 2024 &#8211; 2028.<\/p>\n<p><img loading=\"lazy\" decoding=\"async\" class=\"alignnone size-medium wp-image-2133\" src=\"https:\/\/periodicolarepublica.com\/wp-content\/uploads\/2024\/11\/IMG-20241115-WA0003-300x200.jpg\" alt=\"\" width=\"300\" height=\"200\" \/><\/p>\n<p>El mismo est\u00e1 conformado por miembros con derecho a voz y voto, integrados por la alcaldesa Carolina Mej\u00eda; el vicealcalde Stalin Alc\u00e1ntara; el presidente del Concejo de Regidores, Yovany Moya; la asesora honor\u00edfica del DN, Elena Viyella de Paliza; y el mentor tur\u00edstico Frank Rainieri, entre otros.<\/p>\n<p>&nbsp;<\/p>\n<p>Asimismo, juraron como miembros con derecho a voz de la Alcald\u00eda del Distrito Nacional, la secretaria general, Elizabeth Mateo; la secretar\u00eda t\u00e9cnica, Sina del Rosario; la directora de Planificaci\u00f3n y Desarrollo Institucional, Alexia Infante; el director de Desarrollo Comunitario, Raymond Rodr\u00edguez; el titular de Mantenimiento y Obras Comunitarias, Euri Concepci\u00f3n y la directora de Servicio Social y Desarrollo, Altagracia Suero.<\/p>\n<p>&nbsp;<\/p>\n<p>Esta escogencia se llev\u00f3 a cabo a trav\u00e9s de la resoluci\u00f3n 54-2024, dispuesta por el Concejo de Regidores del cabildo el 17 de octubre 2024, aprobando la actualizaci\u00f3n de la conformaci\u00f3n y la designaci\u00f3n de los nuevos miembros de este consejo econ\u00f3mico.<\/p>\n<p>El acto tuvo lugar en el Palacio Consistorial, donde cada uno de los miembros fue juramentado por Domingo Mat\u00edas, viceministro de Ordenamiento Territorial del Ministerio de Econom\u00eda, Planificaci\u00f3n y Desarrollo (MEPYD), siguiendo los reglamentos de la Ley 176 -07 del DN y su municipio en materia de la democracia participativa.<\/p>\n<p>&nbsp;<\/p>\n<p>\u201cMi agradecimiento a todos ustedes por estar aqu\u00ed y haber accedido a ser parte de este importante concejo, creo que as\u00ed como me toc\u00f3 a m\u00ed asumir la formaci\u00f3n del mismo porque no lo ten\u00edamos activo cuando yo asum\u00ed la alcald\u00eda, ha sido un desaf\u00edo y sobre todo va muy vinculado a los compromisos que tengo como servidora p\u00fablica de ser transparente, de rendir cuentas y cumplir con lo que establece la ley\u201d, expres\u00f3 la alcaldesa.<\/p>\n<p>El CESM se encargar\u00e1 de articular y canalizar las demandas de los ciudadanos ante el gobierno municipal o el nacional, ya que estar\u00e1 integrado por los diversos sectores de la ciudad.<\/p>\n<p>&nbsp;<\/p>\n","protected":false},"excerpt":{"rendered":"<p>Santo Domingo, DN &#8211; La alcaldesa Carolina Mej\u00eda encabez\u00f3 el acto de juramentaci\u00f3n del Consejo Econ\u00f3mico y Social Municipal del Distrito Nacional (CESM) para el periodo 2024 &#8211; 2028. El mismo est\u00e1 conformado por miembros con derecho a voz y voto, integrados por la alcaldesa Carolina Mej\u00eda; el vicealcalde Stalin Alc\u00e1ntara; el presidente del Concejo [&hellip;]<\/p>\n","protected":false},"author":6,"featured_media":0,"comment_status":"open","ping_status":"open","sticky":false,"template":"","format":"standard","meta":{"om_disable_all_campaigns":false,"_monsterinsights_skip_tracking":false,"_monsterinsights_sitenote_active":false,"_monsterinsights_sitenote_note":"","_monsterinsights_sitenote_category":0,"footnotes":""},"categories":[1],"tags":[],"class_list":{"0":"post-2132","1":"post","2":"type-post","3":"status-publish","4":"format-standard","6":"category-nacionales"},"aioseo_notices":[],"_links":{"self":[{"href":"https:\/\/periodicolarepublica.com\/index.php\/wp-json\/wp\/v2\/posts\/2132","targetHints":{"allow":["GET"]}}],"collection":[{"href":"https:\/\/periodicolarepublica.com\/index.php\/wp-json\/wp\/v2\/posts"}],"about":[{"href":"https:\/\/periodicolarepublica.com\/index.php\/wp-json\/wp\/v2\/types\/post"}],"author":[{"embeddable":true,"href":"https:\/\/periodicolarepublica.com\/index.php\/wp-json\/wp\/v2\/users\/6"}],"replies":[{"embeddable":true,"href":"https:\/\/periodicolarepublica.com\/index.php\/wp-json\/wp\/v2\/comments?post=2132"}],"version-history":[{"count":1,"href":"https:\/\/periodicolarepublica.com\/index.php\/wp-json\/wp\/v2\/posts\/2132\/revisions"}],"predecessor-version":[{"id":2134,"href":"https:\/\/periodicolarepublica.com\/index.php\/wp-json\/wp\/v2\/posts\/2132\/revisions\/2134"}],"wp:attachment":[{"href":"https:\/\/periodicolarepublica.com\/index.php\/wp-json\/wp\/v2\/media?parent=2132"}],"wp:term":[{"taxonomy":"category","embeddable":true,"href":"https:\/\/periodicolarepublica.com\/index.php\/wp-json\/wp\/v2\/categories?post=2132"},{"taxonomy":"post_tag","embeddable":true,"href":"https:\/\/periodicolarepublica.com\/index.php\/wp-json\/wp\/v2\/tags?post=2132"}],"curies":[{"name":"wp","href":"https:\/\/api.w.org\/{rel}","templated":true}]}}