{"id":2143,"date":"2024-11-16T18:17:40","date_gmt":"2024-11-16T17:17:40","guid":{"rendered":"https:\/\/periodicolarepublica.com\/?p=2143"},"modified":"2024-11-16T18:17:40","modified_gmt":"2024-11-16T17:17:40","slug":"el-dr-franklin-garcia-fermin-presenta-el-camino-para-profundizar-el-cambio-y-mantenernos-en-el-poder","status":"publish","type":"post","link":"https:\/\/periodicolarepublica.com\/index.php\/2024\/11\/16\/el-dr-franklin-garcia-fermin-presenta-el-camino-para-profundizar-el-cambio-y-mantenernos-en-el-poder\/","title":{"rendered":"El Dr. Franklin Garc\u00eda Ferm\u00edn presenta \u201cEl Camino para Profundizar el Cambio y Mantenernos en el Poder\u201d,"},"content":{"rendered":"\r\n<p><img loading=\"lazy\" decoding=\"async\" class=\"size-medium wp-image-2148 alignright\" src=\"https:\/\/periodicolarepublica.com\/wp-content\/uploads\/2024\/11\/IMG-20241116-WA0042-300x225.jpg\" alt=\"\" width=\"300\" height=\"225\" \/>El doctor Franklin Garc\u00eda Ferm\u00edn, destacado miembro de la Direcci\u00f3n Ejecutiva del Partido Revolucionario Moderno (PRM), present\u00f3 en el local de la Gobernaci\u00f3n de Barahona su op\u00fasculo titulado \u201cEl Camino para Profundizar el Cambio y Mantenernos en el Poder\u201d. En este encuentro, hizo un llamado a la unidad, instando a todos los presentes a redoblar esfuerzos y a respaldar las pol\u00edticas p\u00fablicas impulsadas por el presidente Luis Abinader, con el objetivo de construir un futuro de sostenibilidad y progreso para toda la naci\u00f3n dominicana.<br \/><br \/>\u201cLa uni\u00f3n hace la fuerza; debemos mantenernos unidos ahora m\u00e1s que nunca, consolidando un PRM m\u00e1s cohesionado. Esa es la clave para asegurar la victoria en el 2028\u201d, expres\u00f3 Garc\u00eda Ferm\u00edn. Tambi\u00e9n enfatiz\u00f3 que este no es el momento para campa\u00f1as internas, sino para trabajar junto al presidente Abinader en beneficio del pa\u00eds. Alent\u00f3 a los miembros del PRM a mantenerse unidos y a rechazar cualquier propuesta de candidaturas presidenciales prematuras, recordando que la dispersi\u00f3n conduce al fracaso.<br \/><br \/>El doctor Garc\u00eda Ferm\u00edn tambi\u00e9n subray\u00f3 que el presidente Abinader es el gu\u00eda y \u00e1rbitro de cara a la pr\u00f3xima campa\u00f1a electoral, e inst\u00f3 a los integrantes del partido a concentrarse en el trabajo conjunto para continuar construyendo un mejor pa\u00eds.<\/p>\r\n","protected":false},"excerpt":{"rendered":"<p>El doctor Franklin Garc\u00eda Ferm\u00edn, destacado miembro de la Direcci\u00f3n Ejecutiva del Partido Revolucionario Moderno (PRM), present\u00f3 en el local de la Gobernaci\u00f3n de Barahona su op\u00fasculo titulado \u201cEl Camino para Profundizar el Cambio y Mantenernos en el Poder\u201d. En este encuentro, hizo un llamado a la unidad, instando a todos los presentes a redoblar [&hellip;]<\/p>\n","protected":false},"author":10,"featured_media":0,"comment_status":"open","ping_status":"open","sticky":false,"template":"","format":"standard","meta":{"om_disable_all_campaigns":false,"_monsterinsights_skip_tracking":false,"_monsterinsights_sitenote_active":false,"_monsterinsights_sitenote_note":"","_monsterinsights_sitenote_category":0,"footnotes":""},"categories":[1],"tags":[259],"class_list":{"0":"post-2143","1":"post","2":"type-post","3":"status-publish","4":"format-standard","6":"category-nacionales","7":"tag-ministerio-de-educacion-superior-y-tecnologia-franklin-garcia"},"aioseo_notices":[],"_links":{"self":[{"href":"https:\/\/periodicolarepublica.com\/index.php\/wp-json\/wp\/v2\/posts\/2143","targetHints":{"allow":["GET"]}}],"collection":[{"href":"https:\/\/periodicolarepublica.com\/index.php\/wp-json\/wp\/v2\/posts"}],"about":[{"href":"https:\/\/periodicolarepublica.com\/index.php\/wp-json\/wp\/v2\/types\/post"}],"author":[{"embeddable":true,"href":"https:\/\/periodicolarepublica.com\/index.php\/wp-json\/wp\/v2\/users\/10"}],"replies":[{"embeddable":true,"href":"https:\/\/periodicolarepublica.com\/index.php\/wp-json\/wp\/v2\/comments?post=2143"}],"version-history":[{"count":2,"href":"https:\/\/periodicolarepublica.com\/index.php\/wp-json\/wp\/v2\/posts\/2143\/revisions"}],"predecessor-version":[{"id":2149,"href":"https:\/\/periodicolarepublica.com\/index.php\/wp-json\/wp\/v2\/posts\/2143\/revisions\/2149"}],"wp:attachment":[{"href":"https:\/\/periodicolarepublica.com\/index.php\/wp-json\/wp\/v2\/media?parent=2143"}],"wp:term":[{"taxonomy":"category","embeddable":true,"href":"https:\/\/periodicolarepublica.com\/index.php\/wp-json\/wp\/v2\/categories?post=2143"},{"taxonomy":"post_tag","embeddable":true,"href":"https:\/\/periodicolarepublica.com\/index.php\/wp-json\/wp\/v2\/tags?post=2143"}],"curies":[{"name":"wp","href":"https:\/\/api.w.org\/{rel}","templated":true}]}}