{"id":2160,"date":"2024-11-17T15:51:45","date_gmt":"2024-11-17T14:51:45","guid":{"rendered":"https:\/\/periodicolarepublica.com\/?p=2160"},"modified":"2024-11-17T15:51:45","modified_gmt":"2024-11-17T14:51:45","slug":"popular-es-reconocido-por-latinfinance-como-banco-del-ano-en-republica-dominicana","status":"publish","type":"post","link":"https:\/\/periodicolarepublica.com\/index.php\/2024\/11\/17\/popular-es-reconocido-por-latinfinance-como-banco-del-ano-en-republica-dominicana\/","title":{"rendered":"Popular es reconocido por LatinFinance como \u201cBanco del A\u00f1o en Rep\u00fablica Dominicana\u201d"},"content":{"rendered":"<p>Destaca su liderazgo digital y apoyo al desarrollo sostenible del pa\u00eds<\/p>\n<p>Santo Domingo, D.N. \u2013 El Banco Popular Dominicano fue reconocido por la revista financiera LatinFinance como \u201cBanco del A\u00f1o de la Rep\u00fablica Dominicana\u201d, destacando el desempe\u00f1o exhibido por la entidad bancaria en sus principales indicadores financieros durante el \u00faltimo a\u00f1o.<\/p>\n<p><img loading=\"lazy\" decoding=\"async\" class=\"alignnone size-medium wp-image-2161\" src=\"https:\/\/periodicolarepublica.com\/wp-content\/uploads\/2024\/11\/BPD_001-Desde-la-izquierda-los-senores-Luis-Javier-Jimenez-Edward-Baldera-y-Taimur-Ahmad-300x225.png\" alt=\"\" width=\"300\" height=\"225\" \/><\/p>\n<p>En su an\u00e1lisis sobre el Banco Popular, la revista LatinFinance hace referencia a la amplia gama de servicios y productos financieros que ofrece a sus clientes y subraya que los resultados del banco reflejan el fuerte crecimiento econ\u00f3mico del pa\u00eds y de los distintos sectores productivos que impulsa.<\/p>\n<p>Destaca adem\u00e1s el liderazgo digital de la entidad bancaria, especialmente de su aplicaci\u00f3n financiera App Popular y sus m\u00e1s de 50 funcionalidades, as\u00ed como el ecosistema de aplicaciones para diferentes segmentos que forman parte de la estrategia digital del<\/p>\n<p>banco.<\/p>\n","protected":false},"excerpt":{"rendered":"<p>Destaca su liderazgo digital y apoyo al desarrollo sostenible del pa\u00eds Santo Domingo, D.N. \u2013 El Banco Popular Dominicano fue reconocido por la revista financiera LatinFinance como \u201cBanco del A\u00f1o de la Rep\u00fablica Dominicana\u201d, destacando el desempe\u00f1o exhibido por la entidad bancaria en sus principales indicadores financieros durante el \u00faltimo a\u00f1o. En su an\u00e1lisis sobre [&hellip;]<\/p>\n","protected":false},"author":6,"featured_media":0,"comment_status":"open","ping_status":"open","sticky":false,"template":"","format":"standard","meta":{"om_disable_all_campaigns":false,"_monsterinsights_skip_tracking":false,"_monsterinsights_sitenote_active":false,"_monsterinsights_sitenote_note":"","_monsterinsights_sitenote_category":0,"footnotes":""},"categories":[33,1],"tags":[],"class_list":{"0":"post-2160","1":"post","2":"type-post","3":"status-publish","4":"format-standard","6":"category-canal-financiero","7":"category-nacionales"},"aioseo_notices":[],"_links":{"self":[{"href":"https:\/\/periodicolarepublica.com\/index.php\/wp-json\/wp\/v2\/posts\/2160","targetHints":{"allow":["GET"]}}],"collection":[{"href":"https:\/\/periodicolarepublica.com\/index.php\/wp-json\/wp\/v2\/posts"}],"about":[{"href":"https:\/\/periodicolarepublica.com\/index.php\/wp-json\/wp\/v2\/types\/post"}],"author":[{"embeddable":true,"href":"https:\/\/periodicolarepublica.com\/index.php\/wp-json\/wp\/v2\/users\/6"}],"replies":[{"embeddable":true,"href":"https:\/\/periodicolarepublica.com\/index.php\/wp-json\/wp\/v2\/comments?post=2160"}],"version-history":[{"count":1,"href":"https:\/\/periodicolarepublica.com\/index.php\/wp-json\/wp\/v2\/posts\/2160\/revisions"}],"predecessor-version":[{"id":2162,"href":"https:\/\/periodicolarepublica.com\/index.php\/wp-json\/wp\/v2\/posts\/2160\/revisions\/2162"}],"wp:attachment":[{"href":"https:\/\/periodicolarepublica.com\/index.php\/wp-json\/wp\/v2\/media?parent=2160"}],"wp:term":[{"taxonomy":"category","embeddable":true,"href":"https:\/\/periodicolarepublica.com\/index.php\/wp-json\/wp\/v2\/categories?post=2160"},{"taxonomy":"post_tag","embeddable":true,"href":"https:\/\/periodicolarepublica.com\/index.php\/wp-json\/wp\/v2\/tags?post=2160"}],"curies":[{"name":"wp","href":"https:\/\/api.w.org\/{rel}","templated":true}]}}